{"id":27724,"date":"2018-03-17T22:47:16","date_gmt":"2018-03-17T22:47:16","guid":{"rendered":"https:\/\/goiasemtempo.com.br\/home\/?p=27724"},"modified":"2018-03-17T22:47:16","modified_gmt":"2018-03-17T22:47:16","slug":"italia-encerra-campanha-com-grandes-atos-em-roma-florenca-e-milao","status":"publish","type":"post","link":"https:\/\/goiasemtempo.com.br\/home\/italia-encerra-campanha-com-grandes-atos-em-roma-florenca-e-milao\/","title":{"rendered":"It\u00e1lia encerra campanha com grandes atos em Roma, Floren\u00e7a e Mil\u00e3o"},"content":{"rendered":"<p>A campanha eleitoral italiana chegou ao fim nesta sexta-feira (2), antes das legislativas de domingo, com grandes com\u00edcios em Roma, Floren\u00e7a e Mil\u00e3o, e uma maratona de entrevistas televisionadas para Silvio Berlusconi.<\/p>\n<p>Antes do tradicional sil\u00eancio eleitoral do s\u00e1bado, os candidatos aproveitaram o dia para convocar \u00e0s urnas os cerca de 50 milh\u00f5es de eleitores. Deste universo, 10 milh\u00f5es dizem continuar indecisos, ap\u00f3s uma campanha marcada pelas declara\u00e7\u00f5es agressivas e dominada por quest\u00f5es como imigrantes e inseguran\u00e7a.<\/p>\n<p>Depois de sua \u00fanica reuni\u00e3o p\u00fablica conjunta, realizada na quinta-feira em um cinema em Roma, os l\u00edderes da heterog\u00eanea coaliz\u00e3o de direita, que lidera as pesquisas com 37% das inten\u00e7\u00f5es de voto, convocaram seu partid\u00e1rios separadamente.<\/p>\n<p>Silvio Berlusconi, o l\u00edder do Forza Italia (centro direita), tachou em uma de suas emissoras o Movimento 5 Estrelas (M5E, antissistema) de seita louca e anunciou a total reorganiza\u00e7\u00e3o do Estado italiano.<\/p>\n<p>O xen\u00f3fobo Matteo Salvini, da Liga Norte (extrema direita), tamb\u00e9m atacou o M5E em Mil\u00e3o, considerando que nas pesquisas est\u00e1 supervalorizado, e prometeu melhores condi\u00e7\u00f5es de trabalho para as for\u00e7as de seguran\u00e7a.<\/p>\n<p>&#8211; Um l\u00edder da UE para a It\u00e1lia &#8211;<\/p>\n<p>O programa comum da coaliz\u00e3o de direita, integrada tamb\u00e9m pela p\u00f3s-fascista Giorgia Meloni (Irm\u00e3os da It\u00e1lia), prev\u00ea redu\u00e7\u00f5es maci\u00e7as de impostos e uma firmeza extrema com imigrantes.<\/p>\n<p>N\u00e3o obstante, a seus l\u00edderes tem custado esconder suas rivalidades e seus desacordos internos, especialmente sobre a quest\u00e3o europeia.<\/p>\n<p>A apenas dois dias da vota\u00e7\u00e3o, o atual presidente do Parlamento Europeu, Antonio Tajani, aceitou oficialmente ser o candidato de Silvio Berlusconi para liderar o pa\u00eds e, de algum modo, substituir, o magnata. At\u00e9 2019, o empres\u00e1rio \u00e9 ineleg\u00edvel para cargos pol\u00edticos.<\/p>\n<p>O homem que tem boas rela\u00e7\u00f5es com todo o mundo, que se move como um peixe dentro d\u00e1gua nas institui\u00e7\u00f5es europeias, \u00e9 a carta vencedora do ex-premi\u00ea, de 81 anos.<\/p>\n<p>Mas Salvini tamb\u00e9m reivindica este cargo, assegurando que a Liga Norte ficar\u00e1 \u00e0 frente do FI. A coaliz\u00e3o, n\u00e3o obstante, n\u00e3o tem garantia de que v\u00e1 obter a maioria absoluta no Parlamento.<\/p>\n<p>O at\u00edpico M5E, sem ideologia e disposto a romper com a tradicional bipolaridade entre direita e esquerda, segundo as pesquisas, se confirmaria como o maior partido do pa\u00edsm com 27,8% dos votos.<\/p>\n<p>&#8211; Termina o per\u00edodo de oposi\u00e7\u00e3o &#8211;<\/p>\n<p>O movimento, fundado em 2009 por Beppe Grillo, encerrou sua campanha nesta sexta-feira com uma grande manifesta\u00e7\u00e3o no cora\u00e7\u00e3o de Roma.<\/p>\n<p>A centro esquerda est\u00e1 fora de combate. Esta noite acaba o per\u00edodo de oposi\u00e7\u00e3o e come\u00e7a o per\u00edodo de governo do M5E, assegurou diante de milhares de simpatizantes Luigi Di Maio, o jovem candidato a primeiro-ministro desse movimento antissistema.<\/p>\n<p>Conseguimos derrubar todos os partidos. O \u00fanico partido que existe hoje na It\u00e1lia \u00e9 o nosso, afirmou Grillo. Nossos advers\u00e1rios s\u00e3o a idiotice, a deslealdade e a indec\u00eancia! &#8211; insistiu.<\/p>\n<p>Eu n\u00e3o votava h\u00e1 muito tempo, at\u00e9 que comecei a seguir este movimento no seu in\u00edcio. Me deram uma raz\u00e3o, uma esperan\u00e7a para voltar a votar e acreditar neste pa\u00eds, declarou \u00e0 AFP Marco Becchi, um romano de 30 anos.<\/p>\n<p>O l\u00edder do governista Partido Democr\u00e1tico (PD), Matteo Renzi, que teria 22%-23%, percorreu toda It\u00e1lia para ilustrar as conquistas de seu governo e pedir que a coaliz\u00e3o de centro esquerda liderada por seu partido n\u00e3o seja punida com o voto de domingo, como muitos preveem.<\/p>\n<p>Acusado de ser o respons\u00e1vel por esse desastre, Renzi encerrou a campanha em Floren\u00e7a, sua cidade, onde ainda goza de popularidade.<\/p>\n<p>Digo aos eleitores da esquerda radical e tamb\u00e9m aos moderados: somente o voto no PD garante que este pa\u00eds n\u00e3o caia nas m\u00e3os de Matteo Salvini, advertiu, falando da amea\u00e7a de uma alian\u00e7a p\u00f3s-eleitoral entre a Liga Norte e o M5E.<\/p>\n<p>O atual chefe do governo em fim de mandato, Paolo Gentiloni, tamb\u00e9m do PD, elogiou os sucessos alcan\u00e7ados em um ano, gra\u00e7as a melhores resultados econ\u00f4micos e a seu estilo moderado e discreto.<\/p>\n","protected":false},"excerpt":{"rendered":"<p>A campanha eleitoral italiana chegou ao fim nesta sexta-feira (2), antes das legislativas de domingo, com grandes com\u00edcios em Roma, Floren\u00e7a e Mil\u00e3o, e uma maratona de entrevistas televisionadas para Silvio Berlusconi. Antes do tradicional sil\u00eancio eleitoral do s\u00e1bado, os candidatos aproveitaram o dia para convocar \u00e0s urnas os cerca de 50 milh\u00f5es de eleitores. &hellip;<\/p>\n","protected":false},"author":2,"featured_media":26588,"comment_status":"open","ping_status":"open","sticky":false,"template":"","format":"standard","meta":{"_exactmetrics_skip_tracking":false,"_exactmetrics_sitenote_active":false,"_exactmetrics_sitenote_note":"","_exactmetrics_sitenote_category":0,"footnotes":""},"categories":[4],"tags":[],"_links":{"self":[{"href":"https:\/\/goiasemtempo.com.br\/home\/wp-json\/wp\/v2\/posts\/27724"}],"collection":[{"href":"https:\/\/goiasemtempo.com.br\/home\/wp-json\/wp\/v2\/posts"}],"about":[{"href":"https:\/\/goiasemtempo.com.br\/home\/wp-json\/wp\/v2\/types\/post"}],"author":[{"embeddable":true,"href":"https:\/\/goiasemtempo.com.br\/home\/wp-json\/wp\/v2\/users\/2"}],"replies":[{"embeddable":true,"href":"https:\/\/goiasemtempo.com.br\/home\/wp-json\/wp\/v2\/comments?post=27724"}],"version-history":[{"count":1,"href":"https:\/\/goiasemtempo.com.br\/home\/wp-json\/wp\/v2\/posts\/27724\/revisions"}],"predecessor-version":[{"id":27725,"href":"https:\/\/goiasemtempo.com.br\/home\/wp-json\/wp\/v2\/posts\/27724\/revisions\/27725"}],"wp:featuredmedia":[{"embeddable":true,"href":"https:\/\/goiasemtempo.com.br\/home\/wp-json\/wp\/v2\/media\/26588"}],"wp:attachment":[{"href":"https:\/\/goiasemtempo.com.br\/home\/wp-json\/wp\/v2\/media?parent=27724"}],"wp:term":[{"taxonomy":"category","embeddable":true,"href":"https:\/\/goiasemtempo.com.br\/home\/wp-json\/wp\/v2\/categories?post=27724"},{"taxonomy":"post_tag","embeddable":true,"href":"https:\/\/goiasemtempo.com.br\/home\/wp-json\/wp\/v2\/tags?post=27724"}],"curies":[{"name":"wp","href":"https:\/\/api.w.org\/{rel}","templated":true}]}}