{"id":27714,"date":"2018-03-17T22:43:36","date_gmt":"2018-03-17T22:43:36","guid":{"rendered":"https:\/\/goiasemtempo.com.br\/home\/?p=27714"},"modified":"2018-03-17T22:43:36","modified_gmt":"2018-03-17T22:43:36","slug":"lider-da-farc-sera-operado-na-colombia-apos-sofrer-infarto","status":"publish","type":"post","link":"https:\/\/goiasemtempo.com.br\/home\/lider-da-farc-sera-operado-na-colombia-apos-sofrer-infarto\/","title":{"rendered":"L\u00edder da Farc ser\u00e1 operado na Col\u00f4mbia ap\u00f3s sofrer infarto"},"content":{"rendered":"<p>Rodrigo Londo\u00f1o, conhecido como Timochenko, candidato \u00e0 Presid\u00eancia pela For\u00e7a Alternativa Revolucion\u00e1ria do Comum (Farc), durante o lan\u00e7amento de sua campanha em Bogot\u00e1, em 27 de janeiro de 2018<\/p>\n<p>O l\u00edder e candidato \u00e0 Presid\u00eancia da ex-guerrilha das Farc, Rodrigo Londo\u00f1o, dever\u00e1 ser submetido a uma cirurgia de cora\u00e7\u00e3o aberto ap\u00f3s sofrer um infarto, anunciou a Cl\u00ednica Shaio de Bogot\u00e1 nesta sexta-feira (2).<\/p>\n<p>O parecer m\u00e9dico deixa incerto o futuro de sua campanha para as elei\u00e7\u00f5es de 27 de maio, nas quais o sucessor do presidente Juan Manuel Santos ser\u00e1 escolhido.<\/p>\n<p>Londo\u00f1o, de 59 anos e tamb\u00e9m conhecido como Timochenko, sofreu um infarto na quinta-feira ao t\u00e9rmino de sua rotina de exerc\u00edcios di\u00e1rios.<\/p>\n<p>O ex-chefe rebelde, que sobreviveu a v\u00e1rios problemas de sa\u00fade nos \u00faltimos anos, foi levado de uma localidade pr\u00f3xima para a Cl\u00ednia Shaio, especializada em tratamentos coron\u00e1rios, onde passar\u00e1 pela opera\u00e7\u00e3o.<\/p>\n<p>O corpo m\u00e9dico sugeriu como plano de manejo id\u00f4neo a realiza\u00e7\u00e3o de uma interven\u00e7\u00e3o cir\u00fargica, sustentou o centro hospitalar em comunicado.<\/p>\n<p>&#8211; Consciente e animado &#8211;<\/p>\n<p>Timochenko agradeceu o apoio que disse ter recebido diante de seu estado delicado. A solidariedade e sauda\u00e7\u00f5es de voc\u00eas me d\u00e3o for\u00e7a para seguir neste esfor\u00e7o coletivo, tuitou.<\/p>\n<p>Uma fonte da cl\u00ednica detalhou \u00e0 AFP que o l\u00edder da Farc passar\u00e1 por uma opera\u00e7\u00e3o de cora\u00e7\u00e3o aberto em um hor\u00e1rio e dia a definir.<\/p>\n<p>Carlos Lozada, um dos dirigentes mais pr\u00f3ximos a Londo\u00f1o e futuro senador da For\u00e7a Alternativa Revolucion\u00e1ria do Comum (Farc), partido surgido dos acordos de paz de 2016, assegurou que Timochenko est\u00e1 com bom \u00e2nimo.<\/p>\n<p>Agora o que resta \u00e9 esperar que saia de maneira satisfat\u00f3ria deste impasse. O encontramos bastante animado. Est\u00e1 consciente, comentou com os jornalistas do lado do fora do hospital.<\/p>\n<p>Em 2015, o ent\u00e3o comandante das For\u00e7as Armadas Revolucion\u00e1rias da Col\u00f4mbia (Farc) esteve \u00e0 beira da morte por causa de um infarto em Cuba, sede por quatro anos das negocia\u00e7\u00f5es de paz.<\/p>\n<p>Timochenko voltou a ficar alarmado em julho de 2017, quando sofreu um leve acidente vascular cerebral (AVC), que temporariamente dificultou a sua fala.<\/p>\n<p>O ex-comandante guerrilheiro recebeu tratamento por v\u00e1rios meses em Havana, antes de assumir a candidatura da Farc no fim do ano passado.<\/p>\n<p>&#8211; Sem pra\u00e7a p\u00fablica &#8211;<\/p>\n<p>Embora as pesquisas n\u00e3o deem a ele nenhuma chance de chegar ao poder, Londo\u00f1o havia ratificado na quinta-feira sua inten\u00e7\u00e3o de seguir em frente com a candidatura, apesar de tamb\u00e9m denunciar incumprimentos do acordo e falta de garantias de seguran\u00e7a.<\/p>\n<p>O candidato de esquerda suspendeu em 9 de fevereiro os atos em pra\u00e7a p\u00fablica devido aos protestos e \u00e0s tentativas de agress\u00e3o sofridas em v\u00e1rios pontos do pa\u00eds.<\/p>\n<p>Sua sa\u00fade voltou a piorar em plena campanha para as legislativas de 11 de mar\u00e7o, nas quais a Farc tamb\u00e9m far\u00e1 parte, mesmo tendo garantidas ao menos 10 das 268 cadeiras do Congresso como parte do hist\u00f3rico acordo de paz.<\/p>\n<p>Timochenko sobreviveu \u00e0 intensa campanha militar que tentou, em v\u00e3o, acabar com as Farc no in\u00edcio desta d\u00e9cada.<\/p>\n<p>Foi o \u00faltimo comandante desta guerrilha antes de assinar a paz com Santos e entregar os fuzis. Em 2011 havia sucedido no comando Alfonso Cano, abatido pelo Ex\u00e9rcito.<\/p>\n","protected":false},"excerpt":{"rendered":"<p>Rodrigo Londo\u00f1o, conhecido como Timochenko, candidato \u00e0 Presid\u00eancia pela For\u00e7a Alternativa Revolucion\u00e1ria do Comum (Farc), durante o lan\u00e7amento de sua campanha em Bogot\u00e1, em 27 de janeiro de 2018 O l\u00edder e candidato \u00e0 Presid\u00eancia da ex-guerrilha das Farc, Rodrigo Londo\u00f1o, dever\u00e1 ser submetido a uma cirurgia de cora\u00e7\u00e3o aberto ap\u00f3s sofrer um infarto, anunciou &hellip;<\/p>\n","protected":false},"author":2,"featured_media":26583,"comment_status":"open","ping_status":"open","sticky":false,"template":"","format":"standard","meta":{"footnotes":""},"categories":[4],"tags":[],"class_list":["post-27714","post","type-post","status-publish","format-standard","has-post-thumbnail","hentry","category-ultimas-noticias"],"_links":{"self":[{"href":"https:\/\/goiasemtempo.com.br\/home\/wp-json\/wp\/v2\/posts\/27714","targetHints":{"allow":["GET"]}}],"collection":[{"href":"https:\/\/goiasemtempo.com.br\/home\/wp-json\/wp\/v2\/posts"}],"about":[{"href":"https:\/\/goiasemtempo.com.br\/home\/wp-json\/wp\/v2\/types\/post"}],"author":[{"embeddable":true,"href":"https:\/\/goiasemtempo.com.br\/home\/wp-json\/wp\/v2\/users\/2"}],"replies":[{"embeddable":true,"href":"https:\/\/goiasemtempo.com.br\/home\/wp-json\/wp\/v2\/comments?post=27714"}],"version-history":[{"count":1,"href":"https:\/\/goiasemtempo.com.br\/home\/wp-json\/wp\/v2\/posts\/27714\/revisions"}],"predecessor-version":[{"id":27715,"href":"https:\/\/goiasemtempo.com.br\/home\/wp-json\/wp\/v2\/posts\/27714\/revisions\/27715"}],"wp:featuredmedia":[{"embeddable":true,"href":"https:\/\/goiasemtempo.com.br\/home\/wp-json\/wp\/v2\/media\/26583"}],"wp:attachment":[{"href":"https:\/\/goiasemtempo.com.br\/home\/wp-json\/wp\/v2\/media?parent=27714"}],"wp:term":[{"taxonomy":"category","embeddable":true,"href":"https:\/\/goiasemtempo.com.br\/home\/wp-json\/wp\/v2\/categories?post=27714"},{"taxonomy":"post_tag","embeddable":true,"href":"https:\/\/goiasemtempo.com.br\/home\/wp-json\/wp\/v2\/tags?post=27714"}],"curies":[{"name":"wp","href":"https:\/\/api.w.org\/{rel}","templated":true}]}}