{"id":27634,"date":"2018-03-17T22:14:37","date_gmt":"2018-03-17T22:14:37","guid":{"rendered":"https:\/\/goiasemtempo.com.br\/home\/?p=27634"},"modified":"2018-03-17T22:14:37","modified_gmt":"2018-03-17T22:14:37","slug":"lider-da-farc-sofreu-infarto-na-colombia-mas-sua-condicao-e-estavel","status":"publish","type":"post","link":"https:\/\/goiasemtempo.com.br\/home\/lider-da-farc-sofreu-infarto-na-colombia-mas-sua-condicao-e-estavel\/","title":{"rendered":"L\u00edder da Farc sofreu infarto na Col\u00f4mbia, mas sua condi\u00e7\u00e3o \u00e9 est\u00e1vel"},"content":{"rendered":"<p>Timochenko, o l\u00edder e candidato \u00e0 Presid\u00eancia do partido surgido do acordo de paz na Col\u00f4mbia com a outrora guerrilha das Farc, sofreu nesta quinta-feira (1) um infarto, mas sua condi\u00e7\u00e3o \u00e9 est\u00e1vel, segundo uma fonte m\u00e9dica.<\/p>\n<p>O diagn\u00f3stico do paciente foi infarto, seu estado \u00e9 est\u00e1vel e de total consci\u00eancia, afirmou \u00e0 AFP Andrey Rojas, respons\u00e1vel do centro m\u00e9dico onde ele foi atendido, na localidade de Fusagasug\u00e1, a 77 quil\u00f4metros de Bogot\u00e1.<\/p>\n<p>Aos 59 anos, o ex-comandante rebelde j\u00e1 tinha sofrido h\u00e1 tr\u00eas anos outro infarto, que o deixou \u00e0 beira da morte em Cuba, sede das bem-sucedidas negocia\u00e7\u00f5es de paz.<\/p>\n<p>Mais cedo nesta quinta-feira, haviam informado que ele sofreu uma dor tor\u00e1cica ap\u00f3s realizar sua rotina de exerc\u00edcios di\u00e1rios.<\/p>\n<p>Rodrigo Londo\u00f1o, o nome de batismo de Timochenko, foi levado ao Hospital San Rafael de Fusagasug\u00e1, para onde foi depois de conceder uma coletiva de imprensa na capital nesta quinta.<\/p>\n<p>Londo\u00f1o, que desde 9 de fevereiro suspendeu sua atividade proselitista em pra\u00e7a p\u00fablica por falta de garantias, enfrentou em julho um novo problema de sa\u00fade devido a um leve acidente vascular cerebral (AVC).<\/p>\n<p>Teve que receber tratamento por v\u00e1rios meses em Havana antes de assumir a candidatura da Farc visando as presidenciais de maio, nas qual ir\u00e3o eleger o sucessor de Juan Manuel Santos.<\/p>\n","protected":false},"excerpt":{"rendered":"<p>Timochenko, o l\u00edder e candidato \u00e0 Presid\u00eancia do partido surgido do acordo de paz na Col\u00f4mbia com a outrora guerrilha das Farc, sofreu nesta quinta-feira (1) um infarto, mas sua condi\u00e7\u00e3o \u00e9 est\u00e1vel, segundo uma fonte m\u00e9dica. O diagn\u00f3stico do paciente foi infarto, seu estado \u00e9 est\u00e1vel e de total consci\u00eancia, afirmou \u00e0 AFP Andrey &hellip;<\/p>\n","protected":false},"author":2,"featured_media":26543,"comment_status":"open","ping_status":"open","sticky":false,"template":"","format":"standard","meta":{"footnotes":""},"categories":[4],"tags":[],"class_list":["post-27634","post","type-post","status-publish","format-standard","has-post-thumbnail","hentry","category-ultimas-noticias"],"_links":{"self":[{"href":"https:\/\/goiasemtempo.com.br\/home\/wp-json\/wp\/v2\/posts\/27634","targetHints":{"allow":["GET"]}}],"collection":[{"href":"https:\/\/goiasemtempo.com.br\/home\/wp-json\/wp\/v2\/posts"}],"about":[{"href":"https:\/\/goiasemtempo.com.br\/home\/wp-json\/wp\/v2\/types\/post"}],"author":[{"embeddable":true,"href":"https:\/\/goiasemtempo.com.br\/home\/wp-json\/wp\/v2\/users\/2"}],"replies":[{"embeddable":true,"href":"https:\/\/goiasemtempo.com.br\/home\/wp-json\/wp\/v2\/comments?post=27634"}],"version-history":[{"count":1,"href":"https:\/\/goiasemtempo.com.br\/home\/wp-json\/wp\/v2\/posts\/27634\/revisions"}],"predecessor-version":[{"id":27635,"href":"https:\/\/goiasemtempo.com.br\/home\/wp-json\/wp\/v2\/posts\/27634\/revisions\/27635"}],"wp:featuredmedia":[{"embeddable":true,"href":"https:\/\/goiasemtempo.com.br\/home\/wp-json\/wp\/v2\/media\/26543"}],"wp:attachment":[{"href":"https:\/\/goiasemtempo.com.br\/home\/wp-json\/wp\/v2\/media?parent=27634"}],"wp:term":[{"taxonomy":"category","embeddable":true,"href":"https:\/\/goiasemtempo.com.br\/home\/wp-json\/wp\/v2\/categories?post=27634"},{"taxonomy":"post_tag","embeddable":true,"href":"https:\/\/goiasemtempo.com.br\/home\/wp-json\/wp\/v2\/tags?post=27634"}],"curies":[{"name":"wp","href":"https:\/\/api.w.org\/{rel}","templated":true}]}}