{"id":27608,"date":"2018-03-17T22:05:11","date_gmt":"2018-03-17T22:05:11","guid":{"rendered":"https:\/\/goiasemtempo.com.br\/home\/?p=27608"},"modified":"2018-03-17T22:05:11","modified_gmt":"2018-03-17T22:05:11","slug":"presidente-da-celg-d-diz-que-empresa-sera-sim-a-primeira-do-brasil","status":"publish","type":"post","link":"https:\/\/goiasemtempo.com.br\/home\/presidente-da-celg-d-diz-que-empresa-sera-sim-a-primeira-do-brasil\/","title":{"rendered":"Presidente da Celg D diz \u201cque empresa ser\u00e1, sim, a primeira do Brasil\u201d"},"content":{"rendered":"<p>O presidente da Celg D, Abel Rochinha, considerou que os investimentos da Enel em Goi\u00e1s est\u00e3o sendo realizados dentro da planilha elaborada pela empresa \u00e0 \u00e9poca da privatiza\u00e7\u00e3o. Ele lembrou que a subesta\u00e7\u00e3o de Santa Helena j\u00e1 \u00e9 a quarta inaugurada em apenas um ano de atua\u00e7\u00e3o no Estado. Duas outras est\u00e3o prontas para entrar em opera\u00e7\u00e3o, aguardando apenas a conclus\u00e3o da linha de transmiss\u00e3o, prevista para no m\u00e1ximo 40 dias, afirmou.<\/p>\n<p>\u201cVamos mudar a face de Goi\u00e1s no tocante a energia\u201d, declarou, ao garantir para o governador que \u201cessa empresa ser\u00e1, sim, a primeira do Brasil muito em breve\u201d. Concluiu dizendo que a Celg D continua trabalhando para atender a demanda. \u201cO Estado est\u00e1 crescendo e vamos fazer parte disso. H\u00e1 um longo trabalho que teremos pela frente, mas valer\u00e1 a pena\u201d.<\/p>\n<p>A subesta\u00e7\u00e3o Ipeguari vai beneficiar cerca de 20 mil fam\u00edlias de Santa Helena, Rio Verde, Santo Ant\u00f4nio da Barra e Mauril\u00e2ndia. Sua pot\u00eancia inicial instalada \u00e9 de 33 mil KVA, o que somado \u00e0 pot\u00eancia da atual subesta\u00e7\u00e3o, de 20 mil KVA, vai mais que dobrar a capacidade de Santa Helena, que chegar\u00e1 a uma pot\u00eancia instalada de 53 mil KVA. \u201cCom a inaugura\u00e7\u00e3o de Ipeguari, o munic\u00edpio ter\u00e1 sua segunda subesta\u00e7\u00e3o, o que vai aumentar a capacidade de atendimento e melhorar a qualidade do servi\u00e7o prestado na regi\u00e3o\u201d, declarou o presidente da Celg Distribui\u00e7\u00e3o, Abel Rochinha.<\/p>\n<p>A nova subesta\u00e7\u00e3o foi constru\u00edda com investimentos de R$ 24 milh\u00f5es. Com tecnologia digital e automatizada, est\u00e1 equipada com cinco alimentadores de 13,8 KV e conectada por uma linha de alta tens\u00e3o em 138 KV, com 33 quil\u00f4metros de extens\u00e3o, ao sistema Interligado Nacional (SIN), atrav\u00e9s de uma subesta\u00e7\u00e3o de Furnas.<\/p>\n","protected":false},"excerpt":{"rendered":"<p>O presidente da Celg D, Abel Rochinha, considerou que os investimentos da Enel em Goi\u00e1s est\u00e3o sendo realizados dentro da planilha elaborada pela empresa \u00e0 \u00e9poca da privatiza\u00e7\u00e3o. Ele lembrou que a subesta\u00e7\u00e3o de Santa Helena j\u00e1 \u00e9 a quarta inaugurada em apenas um ano de atua\u00e7\u00e3o no Estado. Duas outras est\u00e3o prontas para entrar &hellip;<\/p>\n","protected":false},"author":2,"featured_media":26530,"comment_status":"open","ping_status":"open","sticky":false,"template":"","format":"standard","meta":{"footnotes":""},"categories":[4],"tags":[],"class_list":["post-27608","post","type-post","status-publish","format-standard","has-post-thumbnail","hentry","category-ultimas-noticias"],"_links":{"self":[{"href":"https:\/\/goiasemtempo.com.br\/home\/wp-json\/wp\/v2\/posts\/27608","targetHints":{"allow":["GET"]}}],"collection":[{"href":"https:\/\/goiasemtempo.com.br\/home\/wp-json\/wp\/v2\/posts"}],"about":[{"href":"https:\/\/goiasemtempo.com.br\/home\/wp-json\/wp\/v2\/types\/post"}],"author":[{"embeddable":true,"href":"https:\/\/goiasemtempo.com.br\/home\/wp-json\/wp\/v2\/users\/2"}],"replies":[{"embeddable":true,"href":"https:\/\/goiasemtempo.com.br\/home\/wp-json\/wp\/v2\/comments?post=27608"}],"version-history":[{"count":1,"href":"https:\/\/goiasemtempo.com.br\/home\/wp-json\/wp\/v2\/posts\/27608\/revisions"}],"predecessor-version":[{"id":27609,"href":"https:\/\/goiasemtempo.com.br\/home\/wp-json\/wp\/v2\/posts\/27608\/revisions\/27609"}],"wp:featuredmedia":[{"embeddable":true,"href":"https:\/\/goiasemtempo.com.br\/home\/wp-json\/wp\/v2\/media\/26530"}],"wp:attachment":[{"href":"https:\/\/goiasemtempo.com.br\/home\/wp-json\/wp\/v2\/media?parent=27608"}],"wp:term":[{"taxonomy":"category","embeddable":true,"href":"https:\/\/goiasemtempo.com.br\/home\/wp-json\/wp\/v2\/categories?post=27608"},{"taxonomy":"post_tag","embeddable":true,"href":"https:\/\/goiasemtempo.com.br\/home\/wp-json\/wp\/v2\/tags?post=27608"}],"curies":[{"name":"wp","href":"https:\/\/api.w.org\/{rel}","templated":true}]}}