{"id":27558,"date":"2018-03-17T21:47:01","date_gmt":"2018-03-17T21:47:01","guid":{"rendered":"https:\/\/goiasemtempo.com.br\/home\/?p=27558"},"modified":"2018-03-17T21:47:01","modified_gmt":"2018-03-17T21:47:01","slug":"imoveis-do-ex-ministro-jose-dirceu-serao-leiloados-em-abril","status":"publish","type":"post","link":"https:\/\/goiasemtempo.com.br\/home\/imoveis-do-ex-ministro-jose-dirceu-serao-leiloados-em-abril\/","title":{"rendered":"Im\u00f3veis do ex-ministro Jos\u00e9 Dirceu ser\u00e3o leiloados em abril"},"content":{"rendered":"<p>Quatro im\u00f3veis registrados em nome do ex-ministro da Casa Civil Jos\u00e9 Dirceu e de familiares ir\u00e3o a leil\u00e3o p\u00fablico no pr\u00f3ximo dia 26 de abril, a partir das 14h, pela internet. No total, os bens s\u00e3o avaliados em pouco mais de R$ 11 milh\u00f5es. O edital com as regras do certame foi publicado nesta quarta-feira (28) pelo juiz federal S\u00e9rgio Moro, respons\u00e1vel pela Opera\u00e7\u00e3o Lava Jato em primeira inst\u00e2ncia. O magistrado havia determinado a aliena\u00e7\u00e3o (transfer\u00eancia) dos bens, que foram confiscados pela Justi\u00e7a, em janeiro.<\/p>\n<p>O ex-ministro j\u00e1 foi condenado por Moro em duas a\u00e7\u00f5es penais, uma delas j\u00e1 foi confirmada em segunda inst\u00e2ncia, pelo Tribunal Regional Federal da 4\u00aa Regi\u00e3o (TRF4), por corrup\u00e7\u00e3o passiva, lavagem de dinheiro e pertin\u00eancia a organiza\u00e7\u00e3o criminosa. Ao todo, Jos\u00e9 Dirceu acumula pena de 42 anos e 10 dias de pris\u00e3o e ainda responder\u00e1 a um terceiro processo criminal, aberto no \u00faltimo dia 21 de fevereiro.<\/p>\n<p>Os im\u00f3veis ser\u00e3o leiloados de forma separada e o valor m\u00ednimo de cada bem ser\u00e1 o que foi auferido pela avalia\u00e7\u00e3o judicial. Um deles \u00e9 o escrit\u00f3rio onde teria funcionado a sede da empresa de consultoria do ex-ministro, a JD Assessoria, na regi\u00e3o do Ibirapuera, em S\u00e3o Paulo (SP). O im\u00f3vel, situado na avenida Rep\u00fablica do L\u00edbano, tem 501 metros quadrados e est\u00e1 avaliado em R$ 6 milh\u00f5es. Outro im\u00f3vel em S\u00e3o Paulo \u00e9 um apartamento de 200 metros quadrados, no bairro da Sa\u00fade, registrado em nome da filha de Jos\u00e9 Dirceu, avaliado em R$ 750 mil. Tamb\u00e9m ser\u00e3o leiloados uma ch\u00e1cara em Vinhedo (SP), avaliada em R$ 1,8 milh\u00e3o, e uma casa de 1,3 mil metros quadrados na cidade de Passa Quatro (MG), que ser\u00e1 vendida pelo pre\u00e7o m\u00ednimo de R$ 2,5 milh\u00f5es.<\/p>\n<p>Caso n\u00e3o haja arremate dos im\u00f3veis no primeiro leil\u00e3o, um segundo j\u00e1 est\u00e1 agendado para o dia 4 de maio, tamb\u00e9m pela internet. Nesse caso, os valores m\u00ednimos de cada bem ser\u00e3o reduzidos a 80% do pre\u00e7o da avalia\u00e7\u00e3o judicial. Quem fizer o arremate n\u00e3o arcar\u00e1 com pagamento de eventuais d\u00e9bitos fiscais e tribut\u00e1rios relacionados aos im\u00f3veis, mas ter\u00e1 de assumir contas em atraso como taxa de condom\u00ednio, energia el\u00e9trica, g\u00e1s, entre outras, segundo prev\u00ea o edital. O leil\u00e3o tamb\u00e9m prev\u00ea o direito de prefer\u00eancia na aquisi\u00e7\u00e3o dos im\u00f3veis para cond\u00f4minos, copropriet\u00e1rios ou c\u00f4njuges.<\/p>\n<p>Edi\u00e7\u00e3o: Fernando Fraga<\/p>\n","protected":false},"excerpt":{"rendered":"<p>Quatro im\u00f3veis registrados em nome do ex-ministro da Casa Civil Jos\u00e9 Dirceu e de familiares ir\u00e3o a leil\u00e3o p\u00fablico no pr\u00f3ximo dia 26 de abril, a partir das 14h, pela internet. No total, os bens s\u00e3o avaliados em pouco mais de R$ 11 milh\u00f5es. O edital com as regras do certame foi publicado nesta quarta-feira &hellip;<\/p>\n","protected":false},"author":2,"featured_media":26505,"comment_status":"open","ping_status":"open","sticky":false,"template":"","format":"standard","meta":{"footnotes":""},"categories":[4],"tags":[],"class_list":["post-27558","post","type-post","status-publish","format-standard","has-post-thumbnail","hentry","category-ultimas-noticias"],"_links":{"self":[{"href":"https:\/\/goiasemtempo.com.br\/home\/wp-json\/wp\/v2\/posts\/27558","targetHints":{"allow":["GET"]}}],"collection":[{"href":"https:\/\/goiasemtempo.com.br\/home\/wp-json\/wp\/v2\/posts"}],"about":[{"href":"https:\/\/goiasemtempo.com.br\/home\/wp-json\/wp\/v2\/types\/post"}],"author":[{"embeddable":true,"href":"https:\/\/goiasemtempo.com.br\/home\/wp-json\/wp\/v2\/users\/2"}],"replies":[{"embeddable":true,"href":"https:\/\/goiasemtempo.com.br\/home\/wp-json\/wp\/v2\/comments?post=27558"}],"version-history":[{"count":1,"href":"https:\/\/goiasemtempo.com.br\/home\/wp-json\/wp\/v2\/posts\/27558\/revisions"}],"predecessor-version":[{"id":27559,"href":"https:\/\/goiasemtempo.com.br\/home\/wp-json\/wp\/v2\/posts\/27558\/revisions\/27559"}],"wp:featuredmedia":[{"embeddable":true,"href":"https:\/\/goiasemtempo.com.br\/home\/wp-json\/wp\/v2\/media\/26505"}],"wp:attachment":[{"href":"https:\/\/goiasemtempo.com.br\/home\/wp-json\/wp\/v2\/media?parent=27558"}],"wp:term":[{"taxonomy":"category","embeddable":true,"href":"https:\/\/goiasemtempo.com.br\/home\/wp-json\/wp\/v2\/categories?post=27558"},{"taxonomy":"post_tag","embeddable":true,"href":"https:\/\/goiasemtempo.com.br\/home\/wp-json\/wp\/v2\/tags?post=27558"}],"curies":[{"name":"wp","href":"https:\/\/api.w.org\/{rel}","templated":true}]}}