{"id":27542,"date":"2018-03-17T21:41:14","date_gmt":"2018-03-17T21:41:14","guid":{"rendered":"https:\/\/goiasemtempo.com.br\/home\/?p=27542"},"modified":"2018-03-17T21:41:14","modified_gmt":"2018-03-17T21:41:14","slug":"camara-aprova-medida-que-prorroga-adesao-ao-refis-rural","status":"publish","type":"post","link":"https:\/\/goiasemtempo.com.br\/home\/camara-aprova-medida-que-prorroga-adesao-ao-refis-rural\/","title":{"rendered":"C\u00e2mara aprova medida que prorroga ades\u00e3o ao Refis Rural"},"content":{"rendered":"<p>O plen\u00e1rio da C\u00e2mara aprovou hoje (28) uma medida provis\u00f3ria (MP) que prorroga de 28 de fevereiro para 30 de abril o prazo de ades\u00e3o dos produtores rurais ao Programa de Regulariza\u00e7\u00e3o Tribut\u00e1ria Rural (Funrural).<\/p>\n<p>A MP tamb\u00e9m cria um sistema de acumula\u00e7\u00e3o dos pagamentos da entrada no programa. A dilata\u00e7\u00e3o do prazo foi uma reivindica\u00e7\u00e3o dos produtores  que queriam mais tempo para fazer a ades\u00e3o e pagar as primeiras parcelas do refinanciamento dos d\u00e9bitos. Agora, a mat\u00e9ria segue para o Senado.<\/p>\n<p>A renegocia\u00e7\u00e3o das d\u00edvidas rurais junto \u00e0 Secretaria da Receita Federal e \u00e0 Procuradoria-Geral da Fazenda Nacional foi sancionada pelo presidente Michel Temer em janeiro, com vetos de dispositivos que, segundo o governo, poderiam aumentar o custo fiscal para a Uni\u00e3o.<\/p>\n<p>Edi\u00e7\u00e3o: Kleber Sampaio<\/p>\n","protected":false},"excerpt":{"rendered":"<p>O plen\u00e1rio da C\u00e2mara aprovou hoje (28) uma medida provis\u00f3ria (MP) que prorroga de 28 de fevereiro para 30 de abril o prazo de ades\u00e3o dos produtores rurais ao Programa de Regulariza\u00e7\u00e3o Tribut\u00e1ria Rural (Funrural). A MP tamb\u00e9m cria um sistema de acumula\u00e7\u00e3o dos pagamentos da entrada no programa. A dilata\u00e7\u00e3o do prazo foi uma &hellip;<\/p>\n","protected":false},"author":2,"featured_media":26497,"comment_status":"open","ping_status":"open","sticky":false,"template":"","format":"standard","meta":{"footnotes":""},"categories":[4],"tags":[],"class_list":["post-27542","post","type-post","status-publish","format-standard","has-post-thumbnail","hentry","category-ultimas-noticias"],"_links":{"self":[{"href":"https:\/\/goiasemtempo.com.br\/home\/wp-json\/wp\/v2\/posts\/27542","targetHints":{"allow":["GET"]}}],"collection":[{"href":"https:\/\/goiasemtempo.com.br\/home\/wp-json\/wp\/v2\/posts"}],"about":[{"href":"https:\/\/goiasemtempo.com.br\/home\/wp-json\/wp\/v2\/types\/post"}],"author":[{"embeddable":true,"href":"https:\/\/goiasemtempo.com.br\/home\/wp-json\/wp\/v2\/users\/2"}],"replies":[{"embeddable":true,"href":"https:\/\/goiasemtempo.com.br\/home\/wp-json\/wp\/v2\/comments?post=27542"}],"version-history":[{"count":1,"href":"https:\/\/goiasemtempo.com.br\/home\/wp-json\/wp\/v2\/posts\/27542\/revisions"}],"predecessor-version":[{"id":27543,"href":"https:\/\/goiasemtempo.com.br\/home\/wp-json\/wp\/v2\/posts\/27542\/revisions\/27543"}],"wp:featuredmedia":[{"embeddable":true,"href":"https:\/\/goiasemtempo.com.br\/home\/wp-json\/wp\/v2\/media\/26497"}],"wp:attachment":[{"href":"https:\/\/goiasemtempo.com.br\/home\/wp-json\/wp\/v2\/media?parent=27542"}],"wp:term":[{"taxonomy":"category","embeddable":true,"href":"https:\/\/goiasemtempo.com.br\/home\/wp-json\/wp\/v2\/categories?post=27542"},{"taxonomy":"post_tag","embeddable":true,"href":"https:\/\/goiasemtempo.com.br\/home\/wp-json\/wp\/v2\/tags?post=27542"}],"curies":[{"name":"wp","href":"https:\/\/api.w.org\/{rel}","templated":true}]}}