{"id":27458,"date":"2018-03-17T21:10:50","date_gmt":"2018-03-17T21:10:50","guid":{"rendered":"https:\/\/goiasemtempo.com.br\/home\/?p=27458"},"modified":"2018-03-17T21:10:50","modified_gmt":"2018-03-17T21:10:50","slug":"ex-primeira-dama-de-honduras-e-detida-por-corrupcao","status":"publish","type":"post","link":"https:\/\/goiasemtempo.com.br\/home\/ex-primeira-dama-de-honduras-e-detida-por-corrupcao\/","title":{"rendered":"Ex-primeira-dama de Honduras \u00e9 detida por corrup\u00e7\u00e3o"},"content":{"rendered":"<p>A ex-primeira-dama de Honduras Rosa Elena Bonilla de Lobo, esposa de Porfirio Lobo (2010-2014), foi detida nesta quarta-feira (28) pela Pol\u00edcia, acusada de desviar recursos de seu gabinete para contas pessoais, informaram fontes oficiais.<\/p>\n<p>Agentes da Pol\u00edcia Militar da Ordem P\u00fablica (PMOP) e da Ag\u00eancia T\u00e9cnica de Investiga\u00e7\u00e3o Criminal (ATIC) capturaram a mulher na resid\u00eancia em que vive com o marido na zona residencial El Chimbo, 5 km a leste da capital, disse \u00e0 AFP o porta-voz da Corte Suprema de Justi\u00e7a (CSJ), Melvin Duarte.<\/p>\n<p>Bonilla \u00e9 investigada por suposta substra\u00e7\u00e3o de 12 milh\u00f5es de lempiras (500.000 d\u00f3lares) da conta do escrit\u00f3rio do Gabinete da Primeira-dama para uma conta pessoal, seis dias antes de seu esposo entregar a Presid\u00eancia da Rep\u00fablica em 27 de janeiro de 2014, acrescentou.<\/p>\n<p>A fonte tamb\u00e9m informou que um cunhado de Bolinna, Mauricio Moya, tamb\u00e9m foi capturado.<\/p>\n<p>A chefe interina da Miss\u00e3o de Apoio contra a Corrup\u00e7\u00e3o e a Impunidade em Honduras (MACCIH), Ana Mar\u00eda Calder\u00f3n, detalhou em coletiva de imprensa que promotores desta institui\u00e7\u00e3o da Organiza\u00e7\u00e3o de Estados Americanos (OEA) detectaram que o gabinete da primeira-dama movimentou entre 2011 e 2014 mais de 94 milh\u00f5es de lempiras (4 milh\u00f5es de d\u00f3lares).<\/p>\n<p>Ela explicou que entraram nesta conta do gabinete recursos de doa\u00e7\u00f5es, inclusive quatro milh\u00f5es de lempiras (170.000 d\u00f3lares) de Taiwan e que pelo menos h\u00e1 outras nove pessoas colaboradoras de Bonilla envolvidas nos crimes de malversa\u00e7\u00e3o de recursos p\u00fablicos, lavagem de ativos e associa\u00e7\u00e3o il\u00edcita, no que a MACCIH denominou de caixinha da primeira-dama.<\/p>\n<p>O estatal Conselho Nacional Anticorrup\u00e7\u00e3o (CNA) informou que outros 150 milh\u00f5es de lempiras (cerca de 638.000 d\u00f3lares) entraram na conta do gabinete, procedentes do estatal Patronato Nacional da Inf\u00e2ncia (Pani), que recebe or\u00e7amento para atender crian\u00e7as.<\/p>\n<p>O governo disse em um comunicado que reitera sua convic\u00e7\u00e3o de que tanto os casos de alto perfil p\u00fablico, como em qualquer outro, as entidades de justi\u00e7a penal devem observar o devido processo, direito de defesa e o princ\u00edpio de inoc\u00eancia.<\/p>\n<p>Desde outubro, a promotoria do Minist\u00e9rio P\u00fablico (MP) soube, por um informe do Tribunal Superior de Contas, que Bonilla tamb\u00e9m \u00e9 investigada por uma compra de sapatos para crian\u00e7as avaliada em 7,7 milh\u00f5es de lempiras (328.000 d\u00f3lares).<\/p>\n<p>Em dezembro passado, a mulher de Lobo se apresentou voluntariamente \u00e0 Justi\u00e7a com seus advogados, mas foi deixada em liberdade.<\/p>\n<p>Duarte disse que Bonilla ser\u00e1 levada ainda nesta quarta-feira perante a ju\u00edza penal encarregada de casos de corrup\u00e7\u00e3o, Vera Barahona, que decidir\u00e1 se a deixar\u00e1 presa ou se vai responder em liberdade.<\/p>\n<p>Uma fonte do MP indicou \u00e0 AFP que a promotoria assegurou a Bonilla que meia d\u00fazia de propriedades, entre resid\u00eancias e terrenos na capital, ser\u00e3o apreendidas se ela for considerada culpada dos crimes.<\/p>\n<p>A MACCIH \u00e9 um organismo criado em abril de 2016 para ajudar Honduras no combate \u00e0 corrup\u00e7\u00e3o.<\/p>\n<p>Na semana anterior, o chefe da miss\u00e3o, o peruano Juan Jim\u00e9nez Mayor, deixou o pa\u00eds ap\u00f3s pedir demiss\u00e3o, denunciando falta de apoio do secret\u00e1rio-geral da OEA, o uruguaio Luis Almagro, mas assegurou que o organismo continuar\u00e1 funcionando. Ele foi substitu\u00eddo interinamente por Calder\u00f3n, tamb\u00e9m peruana.<\/p>\n<p>A MACCIH n\u00e3o pode denunciar perante os tribunais, mas tem promotores investigadores que trabalham com o MP.<\/p>\n","protected":false},"excerpt":{"rendered":"<p>A ex-primeira-dama de Honduras Rosa Elena Bonilla de Lobo, esposa de Porfirio Lobo (2010-2014), foi detida nesta quarta-feira (28) pela Pol\u00edcia, acusada de desviar recursos de seu gabinete para contas pessoais, informaram fontes oficiais. Agentes da Pol\u00edcia Militar da Ordem P\u00fablica (PMOP) e da Ag\u00eancia T\u00e9cnica de Investiga\u00e7\u00e3o Criminal (ATIC) capturaram a mulher na resid\u00eancia &hellip;<\/p>\n","protected":false},"author":2,"featured_media":26455,"comment_status":"open","ping_status":"open","sticky":false,"template":"","format":"standard","meta":{"_exactmetrics_skip_tracking":false,"_exactmetrics_sitenote_active":false,"_exactmetrics_sitenote_note":"","_exactmetrics_sitenote_category":0,"footnotes":""},"categories":[4],"tags":[],"_links":{"self":[{"href":"https:\/\/goiasemtempo.com.br\/home\/wp-json\/wp\/v2\/posts\/27458"}],"collection":[{"href":"https:\/\/goiasemtempo.com.br\/home\/wp-json\/wp\/v2\/posts"}],"about":[{"href":"https:\/\/goiasemtempo.com.br\/home\/wp-json\/wp\/v2\/types\/post"}],"author":[{"embeddable":true,"href":"https:\/\/goiasemtempo.com.br\/home\/wp-json\/wp\/v2\/users\/2"}],"replies":[{"embeddable":true,"href":"https:\/\/goiasemtempo.com.br\/home\/wp-json\/wp\/v2\/comments?post=27458"}],"version-history":[{"count":1,"href":"https:\/\/goiasemtempo.com.br\/home\/wp-json\/wp\/v2\/posts\/27458\/revisions"}],"predecessor-version":[{"id":27459,"href":"https:\/\/goiasemtempo.com.br\/home\/wp-json\/wp\/v2\/posts\/27458\/revisions\/27459"}],"wp:featuredmedia":[{"embeddable":true,"href":"https:\/\/goiasemtempo.com.br\/home\/wp-json\/wp\/v2\/media\/26455"}],"wp:attachment":[{"href":"https:\/\/goiasemtempo.com.br\/home\/wp-json\/wp\/v2\/media?parent=27458"}],"wp:term":[{"taxonomy":"category","embeddable":true,"href":"https:\/\/goiasemtempo.com.br\/home\/wp-json\/wp\/v2\/categories?post=27458"},{"taxonomy":"post_tag","embeddable":true,"href":"https:\/\/goiasemtempo.com.br\/home\/wp-json\/wp\/v2\/tags?post=27458"}],"curies":[{"name":"wp","href":"https:\/\/api.w.org\/{rel}","templated":true}]}}