{"id":2655,"date":"2017-12-23T03:50:41","date_gmt":"2017-12-23T03:50:41","guid":{"rendered":"http:\/\/goiasemtempo.com.br\/home\/?p=2655"},"modified":"2017-12-23T03:50:41","modified_gmt":"2017-12-23T03:50:41","slug":"reforma-da-previdencia-e-vital-para-equilibrar-economia-diz-presidente-do-bc","status":"publish","type":"post","link":"https:\/\/goiasemtempo.com.br\/home\/reforma-da-previdencia-e-vital-para-equilibrar-economia-diz-presidente-do-bc\/","title":{"rendered":"Reforma da Previd\u00eancia \u00e9 vital para equilibrar economia, diz presidente do BC"},"content":{"rendered":"<p>O presidente do Banco Central (BC), Ilan Goldfajn, defendeu hoje (13), em Bras\u00edlia, a aprova\u00e7\u00e3o da reforma da Previd\u00eancia para dar seguran\u00e7a \u00e0 economia brasileira, independentemente de mudan\u00e7as no cen\u00e1rio externo e interno do pa\u00eds.<\/p>\n<p>Ele concedeu entrevista para comentar sobre a economia este ano e a agenda BC+ (medidas para tornar o cr\u00e9dito mais barato, aumentar a educa\u00e7\u00e3o financeira, modernizar a legisla\u00e7\u00e3o e tornar o sistema financeiro mais eficiente).<\/p>\n<p>O presidente do BC disse que o cen\u00e1rio externo \u00e9 atualmente ben\u00e9fico para o Brasil, mas \u00e9 prudente n\u00e3o considerar que essa situa\u00e7\u00e3o vai continuar.<\/p>\n<p>\u201c\u00c9 algo que n\u00e3o est\u00e1 no nosso controle\u201d. Ele disse que os ajustes e reformas na economia, em particular a da Previd\u00eancia, s\u00e3o fundamentais para o equil\u00edbrio da economia, com sustenta\u00e7\u00e3o da infla\u00e7\u00e3o e taxa de juros baixas.<\/p>\n<p>2017 foi ano positivo<\/p>\n<p>Goldfajn disse que n\u00e3o faz coment\u00e1rios sobre quest\u00f5es pol\u00edtico-eleitorais do pr\u00f3ximo ano. \u201cO Banco Central cumpre sua miss\u00e3o permanecendo t\u00e9cnico. Isso tamb\u00e9m diz respeito \u00e0 minha pessoa\u201d, disse.<\/p>\n<p>Para ele, 2017 foi um ano positivo pela combina\u00e7\u00e3o \u201crara de redu\u00e7\u00e3o significativa da infla\u00e7\u00e3o\u201d, queda da taxa b\u00e1sica de juros, a Selic, e recupera\u00e7\u00e3o da economia de forma disseminada, ap\u00f3s dois anos de recess\u00e3o.<\/p>\n<p>\u201cA partir do final do ano passado, tivemos uma queda substancial da infla\u00e7\u00e3o. Essa queda foi e est\u00e1 sendo importante para a popula\u00e7\u00e3o brasileira porque aumentou o poder de compra e permitiu o aumento do consumo, o que viabilizou o come\u00e7o da recupera\u00e7\u00e3o econ\u00f4mica\u201d, disse.<\/p>\n<p>Ele defendeu que a pol\u00edtica econ\u00f4mica mudou de dire\u00e7\u00e3o, ao ser menos intervencionista e n\u00e3o congelar pre\u00e7os, al\u00e9m de ter criado o teto de gastos, ter feito a reforma trabalhista e buscar a reforma da Previd\u00eancia. Disse, ainda, que o BC foi firme em n\u00e3o elevar a meta de infla\u00e7\u00e3o para 2017 no momento em que os pre\u00e7os subiam.<\/p>\n<p>\u201cO ano de 2017 foi bem proveitoso em termos macroecon\u00f4micos. Confiem em mim, se eu achasse que o ano n\u00e3o foi bom, n\u00e3o diria que foi proveitoso\u201d, acrescentou. Ele citou que o desemprego come\u00e7ou a cair.<\/p>\n<p>Goldfajn tamb\u00e9m citou que houve avan\u00e7o na Agenda BC+, com a 16 a\u00e7\u00f5es conclu\u00eddas e 23 em andamento, como o projeto que estimula o cadastro positivo (registro de bons pagadores), em tramita\u00e7\u00e3o no Congresso Nacional. Ele acrescentou que o projeto de autonomia do BC continua em estudo. \u201cO projeto de autonomia tende a reduzir o risco da economia brasileira, com custo fiscal nenhum\u201d, disse.<\/p>\n<p>Cart\u00e3o de d\u00e9bito<\/p>\n<p>O presidente do BC diz que foi criado um grupo de trabalho para estudar medidas para estimular o uso do cart\u00e3o de d\u00e9bito. Entre os assuntos que ser\u00e3o debatidos est\u00e1 o custo da opera\u00e7\u00e3o cobrada dos lojistas. Goldfajn n\u00e3o deu detalhes sobre as medidas que poder\u00e3o ser adotadas.<\/p>\n<p>Risco de bolha no mercado de moedas virtuais<\/p>\n<p>Na entrevista, o presidente do Banco Central alertou para o risco de bolha no mercado de moedas virtuais. \u201cMoedas virtuais do jeito que est\u00e3o hoje com essa subida vertiginosa, onde n\u00e3o h\u00e1 lastro, n\u00e3o h\u00e1 ningu\u00e9m para regular, levam a um risco tal que o Banco Central emitiu um comunicado alertando para os riscos\u201d, disse.<\/p>\n<p>Ele destacou que essas moedas t\u00eam atualmente duas funcionalidades. Uma delas \u00e9 comprar para vender na frente com a alta.<\/p>\n<p>\u201c\u00c9 uma bolha, uma pir\u00e2mide\u201d, disse. A outra \u201cfuncionalidade\u201d \u00e9 usar como instrumento de atividade il\u00edcita. \u201cUsar as moedas virtuais n\u00e3o isenta da pena, da puni\u00e7\u00e3o\u201d, alertou.<\/p>\n","protected":false},"excerpt":{"rendered":"<p>O presidente do Banco Central (BC), Ilan Goldfajn, defendeu hoje (13), em Bras\u00edlia, a aprova\u00e7\u00e3o da reforma da Previd\u00eancia para dar seguran\u00e7a \u00e0 economia brasileira, independentemente de mudan\u00e7as no cen\u00e1rio externo e interno do pa\u00eds. Ele concedeu entrevista para comentar sobre a economia este ano e a agenda BC+ (medidas para tornar o cr\u00e9dito mais &hellip;<\/p>\n","protected":false},"author":2,"featured_media":1515,"comment_status":"open","ping_status":"open","sticky":false,"template":"","format":"standard","meta":{"_exactmetrics_skip_tracking":false,"_exactmetrics_sitenote_active":false,"_exactmetrics_sitenote_note":"","_exactmetrics_sitenote_category":0,"footnotes":""},"categories":[4],"tags":[],"_links":{"self":[{"href":"https:\/\/goiasemtempo.com.br\/home\/wp-json\/wp\/v2\/posts\/2655"}],"collection":[{"href":"https:\/\/goiasemtempo.com.br\/home\/wp-json\/wp\/v2\/posts"}],"about":[{"href":"https:\/\/goiasemtempo.com.br\/home\/wp-json\/wp\/v2\/types\/post"}],"author":[{"embeddable":true,"href":"https:\/\/goiasemtempo.com.br\/home\/wp-json\/wp\/v2\/users\/2"}],"replies":[{"embeddable":true,"href":"https:\/\/goiasemtempo.com.br\/home\/wp-json\/wp\/v2\/comments?post=2655"}],"version-history":[{"count":1,"href":"https:\/\/goiasemtempo.com.br\/home\/wp-json\/wp\/v2\/posts\/2655\/revisions"}],"predecessor-version":[{"id":2656,"href":"https:\/\/goiasemtempo.com.br\/home\/wp-json\/wp\/v2\/posts\/2655\/revisions\/2656"}],"wp:featuredmedia":[{"embeddable":true,"href":"https:\/\/goiasemtempo.com.br\/home\/wp-json\/wp\/v2\/media\/1515"}],"wp:attachment":[{"href":"https:\/\/goiasemtempo.com.br\/home\/wp-json\/wp\/v2\/media?parent=2655"}],"wp:term":[{"taxonomy":"category","embeddable":true,"href":"https:\/\/goiasemtempo.com.br\/home\/wp-json\/wp\/v2\/categories?post=2655"},{"taxonomy":"post_tag","embeddable":true,"href":"https:\/\/goiasemtempo.com.br\/home\/wp-json\/wp\/v2\/tags?post=2655"}],"curies":[{"name":"wp","href":"https:\/\/api.w.org\/{rel}","templated":true}]}}