{"id":2642,"date":"2017-12-23T03:44:57","date_gmt":"2017-12-23T03:44:57","guid":{"rendered":"http:\/\/goiasemtempo.com.br\/home\/?p=2642"},"modified":"2017-12-23T03:44:57","modified_gmt":"2017-12-23T03:44:57","slug":"comercio-varejista-tem-queda-de-09-em-outubro","status":"publish","type":"post","link":"https:\/\/goiasemtempo.com.br\/home\/comercio-varejista-tem-queda-de-09-em-outubro\/","title":{"rendered":"Com\u00e9rcio varejista tem queda de 0,9% em outubro"},"content":{"rendered":"<p>O volume de vendas do com\u00e9rcio varejista teve queda de 0,9% de setembro para outubro deste ano, segundo dados da Pesquisa Mensal do Com\u00e9rcio (PMC), divulgada hoje (13) pelo Instituto Brasileiro de Geografia e Estat\u00edstica (IBGE). O recuo ocorreu depois de uma alta de 0,3% observada em setembro, na compara\u00e7\u00e3o com o m\u00eas anterior.<\/p>\n<p>Na m\u00e9dia m\u00f3vel trimestral, o com\u00e9rcio teve queda de 0,4%. Nos outros tipos de compara\u00e7\u00e3o temporal, no entanto, o com\u00e9rcio teve as seguintes altas: na compara\u00e7\u00e3o com outubro de 2016 (2,5%), no acumulado do ano (1,4%) e no acumulado de 12 meses (0,3%).<\/p>\n<p>Dos oito setores pesquisados, cinco tiveram queda no volume de vendas de setembro para outubro, com destaque para outros artigos de uso pessoal e dom\u00e9stico (-3,5%). Os demais setores em queda foram tecidos, vestu\u00e1rio e cal\u00e7ados (-2,7%), m\u00f3veis e eletrodom\u00e9sticos (-2,3%), artigos farmac\u00eauticos, m\u00e9dicos e de perfumaria (-0,7%) e supermercados, alimentos, bebidas e fumo (-0,3%).<\/p>\n<p>Tr\u00eas atividades tiveram alta: combust\u00edveis e lubrificantes (2,4%), livros, revista e papelaria (2,4%) e equipamentos e material de inform\u00e1tica, escrit\u00f3rio e comunica\u00e7\u00e3o (3,4%).<\/p>\n<p>O com\u00e9rcio varejista ampliado, que tamb\u00e9m inclui os resultados dos setores de ve\u00edculos e materiais de constru\u00e7\u00e3o, teve queda de 1,4% de setembro para outubro. Os ve\u00edculos, motos, partes e pe\u00e7as recuaram 1,9% e os materiais de constru\u00e7\u00e3o, 1%.<\/p>\n<p>Nos outros tipos de compara\u00e7\u00e3o temporal, o varejo ampliado teve os seguintes resultados: m\u00e9dia m\u00f3vel trimestral (-0,2%), compara\u00e7\u00e3o com outubro de 2016 (7,5%), acumulado do ano (3,2%) e acumulado de 12 meses (1,4%).<\/p>\n<p>Receita nominal<\/p>\n<p>A receita nominal do com\u00e9rcio varejista apresentou queda de 0,5% de setembro para outubro e altas de 0,1% na m\u00e9dia m\u00f3vel trimestral, 1% na compara\u00e7\u00e3o com outubro do ano passado, 1,9% no acumulado do ano e 2,1% no acumulado de 12 meses.<\/p>\n<p>J\u00e1 a receita do varejo ampliado caiu 1,4% de setembro para outubro e avan\u00e7ou 0,1% na m\u00e9dia m\u00f3vel trimestral, 5,4% na compara\u00e7\u00e3o com outubro de 2016, 3,1% no acumulado do ano e 2,5% no acumulado de 12 meses.<\/p>\n","protected":false},"excerpt":{"rendered":"<p>O volume de vendas do com\u00e9rcio varejista teve queda de 0,9% de setembro para outubro deste ano, segundo dados da Pesquisa Mensal do Com\u00e9rcio (PMC), divulgada hoje (13) pelo Instituto Brasileiro de Geografia e Estat\u00edstica (IBGE). O recuo ocorreu depois de uma alta de 0,3% observada em setembro, na compara\u00e7\u00e3o com o m\u00eas anterior. Na &hellip;<\/p>\n","protected":false},"author":2,"featured_media":1502,"comment_status":"open","ping_status":"open","sticky":false,"template":"","format":"standard","meta":{"_exactmetrics_skip_tracking":false,"_exactmetrics_sitenote_active":false,"_exactmetrics_sitenote_note":"","_exactmetrics_sitenote_category":0,"footnotes":""},"categories":[4],"tags":[],"_links":{"self":[{"href":"https:\/\/goiasemtempo.com.br\/home\/wp-json\/wp\/v2\/posts\/2642"}],"collection":[{"href":"https:\/\/goiasemtempo.com.br\/home\/wp-json\/wp\/v2\/posts"}],"about":[{"href":"https:\/\/goiasemtempo.com.br\/home\/wp-json\/wp\/v2\/types\/post"}],"author":[{"embeddable":true,"href":"https:\/\/goiasemtempo.com.br\/home\/wp-json\/wp\/v2\/users\/2"}],"replies":[{"embeddable":true,"href":"https:\/\/goiasemtempo.com.br\/home\/wp-json\/wp\/v2\/comments?post=2642"}],"version-history":[{"count":1,"href":"https:\/\/goiasemtempo.com.br\/home\/wp-json\/wp\/v2\/posts\/2642\/revisions"}],"predecessor-version":[{"id":2643,"href":"https:\/\/goiasemtempo.com.br\/home\/wp-json\/wp\/v2\/posts\/2642\/revisions\/2643"}],"wp:featuredmedia":[{"embeddable":true,"href":"https:\/\/goiasemtempo.com.br\/home\/wp-json\/wp\/v2\/media\/1502"}],"wp:attachment":[{"href":"https:\/\/goiasemtempo.com.br\/home\/wp-json\/wp\/v2\/media?parent=2642"}],"wp:term":[{"taxonomy":"category","embeddable":true,"href":"https:\/\/goiasemtempo.com.br\/home\/wp-json\/wp\/v2\/categories?post=2642"},{"taxonomy":"post_tag","embeddable":true,"href":"https:\/\/goiasemtempo.com.br\/home\/wp-json\/wp\/v2\/tags?post=2642"}],"curies":[{"name":"wp","href":"https:\/\/api.w.org\/{rel}","templated":true}]}}