{"id":26383,"date":"2018-03-01T13:09:31","date_gmt":"2018-03-01T13:09:31","guid":{"rendered":"https:\/\/goiasemtempo.com.br\/home\/?p=26383"},"modified":"2018-03-01T13:09:31","modified_gmt":"2018-03-01T13:09:31","slug":"menino-checo-com-asperger-transforma-obsessao-por-mapas-em-desenhos","status":"publish","type":"post","link":"https:\/\/goiasemtempo.com.br\/home\/menino-checo-com-asperger-transforma-obsessao-por-mapas-em-desenhos\/","title":{"rendered":"Menino checo com Asperger transforma obsess\u00e3o por mapas em desenhos"},"content":{"rendered":"<p>No quarto de Matej Hosek, os carros em miniatura est\u00e3o meticulosamente arrumados, assim como o restante dos objetos. Este menino de 13 anos busca detalhadamente qualquer coisa que altere a ordem do c\u00f4modo.<\/p>\n<p>Uma vez satisfeito, abre um pasta onde guarda dezenas de mapas e planos desenhados por ele, uma atividade l\u00fadica, mas tamb\u00e9m terap\u00eautica que mudou sua vida e o transformou em um desenhista com obras impressas em pe\u00e7as de vestu\u00e1rio e acess\u00f3rios vendidos na Rep\u00fablica Checa.<\/p>\n<p>Acho que \u00e9 algo que deus lhe deu em troca de tudo o que lhe tirou, admite a m\u00e3e, Michaela Hoskova.<\/p>\n<p>Matej Hosek tem s\u00edndrome de Asperger, um transtorno do espectro autista, e encontrou paz na ordem e na cria\u00e7\u00e3o de mapas de transporte muito sofisticados. Depois, se aventurou no desenho de moda e de planos impressas em x\u00edcaras, camisetas e at\u00e9 capas de telefones celulares.<\/p>\n<p>&#8211; Redescoberta &#8211;<\/p>\n<p>Matej foi uma crian\u00e7a muito barulhenta. Chorava 23 horas por dia, conta esta mulher de 43 anos, que na \u00e9poca vivia em um edif\u00edcio de Praga, que precisou deixar devido \u00e0 queixa dos vizinhos.<\/p>\n<p>A fam\u00edlia se mudou para uma casa em Cernosice, localidade nos arredores da capital tcheca, onde Matej podia chorar tudo o que quisesse.<\/p>\n<p>Por acaso, em um desses momentos de gritos intermin\u00e1veis na rua, pus em suas m\u00e3os um mapa de transporte, nem mesmo sei de onde saiu, e ent\u00e3o se acalmou, lembrou a mulher.<\/p>\n<p>O menino come\u00e7ou a amar as viagens em bonde e metr\u00f4, onde se dedicava a checar se os mapas estavam desenhados corretamente. Pouco tempo depois, come\u00e7ou a copi\u00e1-los, e seu favorito se tornou o do metr\u00f4 de Londres, que sabe de cor.<\/p>\n<p>\u00c0s vezes descobria que o sistema de uma cidade n\u00e3o tinha l\u00f3gica, e ent\u00e3o come\u00e7ou a redesenh\u00e1-los, lembrou Hoskova, que foi jornalista e colaboradora de uma revista de moda.<\/p>\n<p>A vida da fam\u00edlia deu um salto quando Matej come\u00e7ou a melhorar. Conseguiram planejar f\u00e9rias, algo impens\u00e1vel durante muito tempo. Nos destinos escolhidos, o primeiro que tivemos que fazer foi encontrar um centro de informa\u00e7\u00e3o porque precis\u00e1vamos dos mapas, contou, entre risos, a m\u00e3e.<\/p>\n<p>&#8211; Obsess\u00e3o &#8211;<\/p>\n<p>O menino, que foi diagnosticado com s\u00edndrome de Asperger aos 10 anos, vai se adaptando aos poucos a viver com seu transtorno.<\/p>\n<p>As crian\u00e7as com s\u00edndrome de Asperger t\u00eam um problema com a comunica\u00e7\u00e3o verbal. Eles entendem melhor as coisas olhando uma imagem, explicou Lenka Michalikova, ajudante de pacientes com a s\u00edndrome.<\/p>\n<p>A estrutura e a visualiza\u00e7\u00e3o lhes oferece uma \u00e2ncora diante da incerteza, disse.<\/p>\n<p>Com a puberdade, Matej come\u00e7ou a ter depress\u00e3o e precisa de uma assistente na escola, embora seus resultados estejam acima da m\u00e9dia.<\/p>\n<p>H\u00e1 mais de dois anos, inspirado em um filme sobre a maison Christian Dior, sua obsess\u00e3o pelos mapas o levou um dia a vestir com uma cria\u00e7\u00e3o pr\u00f3pria um manequim que existia na sala de sua casa, causando assombro em sua m\u00e3e.<\/p>\n<p>Na \u00e9poca, ela trabalhava em uma revista associada \u00e0 Semana da Moda de Praga. Em meados de 2016, Matej p\u00f4de ver suas cria\u00e7\u00f5es em um desfile em um grande armaz\u00e9m de Praga, que vendeu suas pe\u00e7as e doou a renda para a funda\u00e7\u00e3o AutTalk, que ajuda crian\u00e7as autistas.<\/p>\n<p>Hoje em dia, a fam\u00edlia Hosek tem uma pequena empresa que vende roupas, litografias, mochilas e x\u00edcaras com o desenhos de Matej.<\/p>\n<p>Usar o trabalho de Matej para ajudar outras crian\u00e7as autistas \u00e9 algo \u00fanico, disse a fundadora da AutTalk, Katerina Sokolova. Seu desenho \u00e9 universal, afirma esta ex-miss Rep\u00fablica Tcheca 2007.<\/p>\n<p>Embora v\u00e1rias redes tenham se interessado nos desenhos de Matej, ainda n\u00e3o t\u00eam a capacidade de produzir em grandes quantidades, explicou o pai do menino, Martin Hosek, que dirige a sociedade Maappi e busca desenvolver a empresa.<\/p>\n<p>Enquanto isso, Matej desenho mapas para a empresa Run Czech, que organiza corridas no pa\u00eds. Gostaria de ir a Londres para dar um passeio no metr\u00f4, disse, em meio a seus mapas.<\/p>\n","protected":false},"excerpt":{"rendered":"<p>No quarto de Matej Hosek, os carros em miniatura est\u00e3o meticulosamente arrumados, assim como o restante dos objetos. Este menino de 13 anos busca detalhadamente qualquer coisa que altere a ordem do c\u00f4modo. Uma vez satisfeito, abre um pasta onde guarda dezenas de mapas e planos desenhados por ele, uma atividade l\u00fadica, mas tamb\u00e9m terap\u00eautica &hellip;<\/p>\n","protected":false},"author":2,"featured_media":26241,"comment_status":"open","ping_status":"open","sticky":false,"template":"","format":"standard","meta":{"footnotes":""},"categories":[4],"tags":[],"class_list":["post-26383","post","type-post","status-publish","format-standard","has-post-thumbnail","hentry","category-ultimas-noticias"],"_links":{"self":[{"href":"https:\/\/goiasemtempo.com.br\/home\/wp-json\/wp\/v2\/posts\/26383","targetHints":{"allow":["GET"]}}],"collection":[{"href":"https:\/\/goiasemtempo.com.br\/home\/wp-json\/wp\/v2\/posts"}],"about":[{"href":"https:\/\/goiasemtempo.com.br\/home\/wp-json\/wp\/v2\/types\/post"}],"author":[{"embeddable":true,"href":"https:\/\/goiasemtempo.com.br\/home\/wp-json\/wp\/v2\/users\/2"}],"replies":[{"embeddable":true,"href":"https:\/\/goiasemtempo.com.br\/home\/wp-json\/wp\/v2\/comments?post=26383"}],"version-history":[{"count":1,"href":"https:\/\/goiasemtempo.com.br\/home\/wp-json\/wp\/v2\/posts\/26383\/revisions"}],"predecessor-version":[{"id":26384,"href":"https:\/\/goiasemtempo.com.br\/home\/wp-json\/wp\/v2\/posts\/26383\/revisions\/26384"}],"wp:featuredmedia":[{"embeddable":true,"href":"https:\/\/goiasemtempo.com.br\/home\/wp-json\/wp\/v2\/media\/26241"}],"wp:attachment":[{"href":"https:\/\/goiasemtempo.com.br\/home\/wp-json\/wp\/v2\/media?parent=26383"}],"wp:term":[{"taxonomy":"category","embeddable":true,"href":"https:\/\/goiasemtempo.com.br\/home\/wp-json\/wp\/v2\/categories?post=26383"},{"taxonomy":"post_tag","embeddable":true,"href":"https:\/\/goiasemtempo.com.br\/home\/wp-json\/wp\/v2\/tags?post=26383"}],"curies":[{"name":"wp","href":"https:\/\/api.w.org\/{rel}","templated":true}]}}