{"id":26371,"date":"2018-03-01T13:04:05","date_gmt":"2018-03-01T13:04:05","guid":{"rendered":"https:\/\/goiasemtempo.com.br\/home\/?p=26371"},"modified":"2018-03-01T13:04:05","modified_gmt":"2018-03-01T13:04:05","slug":"disney-anuncia-plano-milionario-de-ampliacao-de-parque-em-paris","status":"publish","type":"post","link":"https:\/\/goiasemtempo.com.br\/home\/disney-anuncia-plano-milionario-de-ampliacao-de-parque-em-paris\/","title":{"rendered":"Disney anuncia plano milion\u00e1rio de amplia\u00e7\u00e3o de parque em Paris"},"content":{"rendered":"<p>O grupo americano The Walt Disney Company anunciou, nesta ter\u00e7a-feira (27), um plano de amplia\u00e7\u00e3o de seu parque em Paris por um montante de 2 bilh\u00f5es de euros, que se desenvolver\u00e1 ao longo de v\u00e1rios anos.<\/p>\n<p>Esse novo plano de amplia\u00e7\u00e3o incluir\u00e1 a transforma\u00e7\u00e3o do Parque Walt Disney Studios, que contar\u00e1 com tr\u00eas novas zonas tem\u00e1ticas inspiradas na Marvel, em Frozen e em Star Wars, al\u00e9m de novas atra\u00e7\u00f5es e experi\u00eancias de entretenimento online, indicou o grupo em nota.<\/p>\n<p>O an\u00fancio foi realizado ap\u00f3s um encontro em Paris entre o diretor da The Walt Disney Company, Bob Iger, e o presidente franc\u00eas, Emmanuel Macron.<\/p>\n<p>Obrigado, Robert Iger, por seu investimento a longo prazo e um compromisso muito forte com a Fran\u00e7a. Sua confian\u00e7a mostra que a Fran\u00e7a voltou!, tuitou em ingl\u00eas o jovem chefe de Estado da Fran\u00e7a, ap\u00f3s um encontro no Pal\u00e1cio do Eliseu.<\/p>\n<p>Este plano \u00e9, segundo o grupo, um dos projetos de desenvolvimento mais ambiciosos da Disneyland Paris desde sua inaugura\u00e7\u00e3o em 1992.<\/p>\n","protected":false},"excerpt":{"rendered":"<p>O grupo americano The Walt Disney Company anunciou, nesta ter\u00e7a-feira (27), um plano de amplia\u00e7\u00e3o de seu parque em Paris por um montante de 2 bilh\u00f5es de euros, que se desenvolver\u00e1 ao longo de v\u00e1rios anos. Esse novo plano de amplia\u00e7\u00e3o incluir\u00e1 a transforma\u00e7\u00e3o do Parque Walt Disney Studios, que contar\u00e1 com tr\u00eas novas zonas &hellip;<\/p>\n","protected":false},"author":2,"featured_media":26235,"comment_status":"open","ping_status":"open","sticky":false,"template":"","format":"standard","meta":{"_exactmetrics_skip_tracking":false,"_exactmetrics_sitenote_active":false,"_exactmetrics_sitenote_note":"","_exactmetrics_sitenote_category":0,"footnotes":""},"categories":[4],"tags":[],"_links":{"self":[{"href":"https:\/\/goiasemtempo.com.br\/home\/wp-json\/wp\/v2\/posts\/26371"}],"collection":[{"href":"https:\/\/goiasemtempo.com.br\/home\/wp-json\/wp\/v2\/posts"}],"about":[{"href":"https:\/\/goiasemtempo.com.br\/home\/wp-json\/wp\/v2\/types\/post"}],"author":[{"embeddable":true,"href":"https:\/\/goiasemtempo.com.br\/home\/wp-json\/wp\/v2\/users\/2"}],"replies":[{"embeddable":true,"href":"https:\/\/goiasemtempo.com.br\/home\/wp-json\/wp\/v2\/comments?post=26371"}],"version-history":[{"count":1,"href":"https:\/\/goiasemtempo.com.br\/home\/wp-json\/wp\/v2\/posts\/26371\/revisions"}],"predecessor-version":[{"id":26372,"href":"https:\/\/goiasemtempo.com.br\/home\/wp-json\/wp\/v2\/posts\/26371\/revisions\/26372"}],"wp:featuredmedia":[{"embeddable":true,"href":"https:\/\/goiasemtempo.com.br\/home\/wp-json\/wp\/v2\/media\/26235"}],"wp:attachment":[{"href":"https:\/\/goiasemtempo.com.br\/home\/wp-json\/wp\/v2\/media?parent=26371"}],"wp:term":[{"taxonomy":"category","embeddable":true,"href":"https:\/\/goiasemtempo.com.br\/home\/wp-json\/wp\/v2\/categories?post=26371"},{"taxonomy":"post_tag","embeddable":true,"href":"https:\/\/goiasemtempo.com.br\/home\/wp-json\/wp\/v2\/tags?post=26371"}],"curies":[{"name":"wp","href":"https:\/\/api.w.org\/{rel}","templated":true}]}}