{"id":26345,"date":"2018-03-01T12:52:22","date_gmt":"2018-03-01T12:52:22","guid":{"rendered":"https:\/\/goiasemtempo.com.br\/home\/?p=26345"},"modified":"2018-03-01T12:52:22","modified_gmt":"2018-03-01T12:52:22","slug":"morre-menendez-ex-hierarca-da-ditadura-argentina","status":"publish","type":"post","link":"https:\/\/goiasemtempo.com.br\/home\/morre-menendez-ex-hierarca-da-ditadura-argentina\/","title":{"rendered":"Morre Men\u00e9ndez, ex-hierarca da ditadura argentina"},"content":{"rendered":"<p>O ex-hierarca da ditadura argentina Luciano Benjam\u00edn Men\u00e9ndez, cuja crueldade lhe valeu o apelido de a Hiena, morreu nesta ter\u00e7a-feira (27), aos 90 anos, em pris\u00e3o domiciliar e ap\u00f3s acumular 14 condena\u00e7\u00f5es, 13 delas \u00e0 pris\u00e3o perp\u00e9tua por crimes contra a humanidade.<\/p>\n<p>O tem\u00edvel ex-militar era o repressor com o maior n\u00famero de condena\u00e7\u00f5es como respons\u00e1vel por centenas de sequestros, assassinatos e torturas. Era julgado novamente quando morreu em um hospital militar por uma doen\u00e7a hep\u00e1tica.<\/p>\n<p>Estava hospitalizado desde 7 de fevereiro em C\u00f3rdoba, prov\u00edncia onde executou com m\u00e3os de ferro a pol\u00edtica de repress\u00e3o da ditadura argentina (1976-1983) com influ\u00eancia no centro e norte do pa\u00eds.<\/p>\n<p>Apelidado de a Hiena, Chacal e Cachorro, esteve entre 1975 e 1979 \u00e0 frente do Terceiro Corpo do Ex\u00e9rcito, uma estrat\u00e9gica unidade militar com sede em C\u00f3rdoba, zona de forte desenvolvimento industrial e que foi ber\u00e7o de hist\u00f3ricas lutas sindicais nas d\u00e9cadas de 1960 e 1970.<\/p>\n<p>Foi destitu\u00eddo do Ex\u00e9rcito em 2011 ap\u00f3s ser considerado culpado por crimes atrozes que ele sempre negou.<\/p>\n<p>Antecedentes criminais? Sequer ultrapassei um sinal vermelho na minha vida, respondeu ante uma pergunta de praxe do tribunal durante o julgamento que o condenou por priva\u00e7\u00e3o ilegal de liberdade, torturas seguidas de morte, homic\u00eddio qualificado com aleivosia, crueldade com tortura agravadas, opera\u00e7\u00e3o de busca e apreens\u00e3o ilegal, desaparecimento de um menor de idade, estupro e usurpa\u00e7\u00e3o.<\/p>\n<p>&#8211; Morreu a Morte &#8211;<\/p>\n<p>Morreu a morte: \u00e0s 11:20 morreu o genocida Luciano Benjam\u00edn Men\u00e9ndez. Diferentemente de suas v\u00edtimas, sabemos a hora, o lugar e sua fam\u00edlia pode se despedir. Chegou a ser condenado a uma pris\u00e3o comum, perp\u00e9tua e efetiva, o \u00fanico lugar para um genocida. 30.000 presentes!, expressou atrav\u00e9s das redes sociais a organiza\u00e7\u00e3o HIJOS, de desaparecidos durante a ditadura.<\/p>\n<p>Men\u00e9ndez teve sete filhos.<\/p>\n<p>O governador de C\u00f3rdoba, Juan Schiaretti, o recordou como a m\u00e1xima express\u00e3o da ditadura genocida.<\/p>\n<p>Men\u00e9ndez nunca mostrou remorso pelos crimes cometidos nos campos de concentra\u00e7\u00e3o sob sua cust\u00f3dia. N\u00e3o houve repress\u00e3o ilegal, disse ele durante um dos julgamentos.<\/p>\n<p>Os criminosos acusam as for\u00e7as legais e se apresentam \u00e0 Justi\u00e7a dizendo que s\u00e3o v\u00edtimas, afirmou ele na frente dos ju\u00edzes.<\/p>\n<p>Homem forte da ditadura e representante da ala mais dura do Ex\u00e9rcito durante os anos de chumbo, chegou a chamar de brandos outros hierarcas, como o tem\u00edvel Jorge Rafael Videla, tamb\u00e9m condenado e morto h\u00e1 anos.<\/p>\n<p>Se nos deixarem atacar os chilotes, os levaremos at\u00e9 a Ilha de P\u00e1scoa, o brinde de final de ano iremos fazer no Pal\u00e1cio de La Moneda e depois iremos mijar o champanhe no Pac\u00edfico, \u00e9 uma das frases atribu\u00eddas ao ferrenho partid\u00e1rio de iniciar uma guerra com o Chile pelo Canal Beagle.<\/p>\n<p>Sob suas ordens funcionou o centro clandestino de La Perla, por onde passaram milhares de detidos de cujas sess\u00f5es de tortura e fuzilamento costumava participar, segundo relataram testemunhas.<\/p>\n<p>Havia sido indultado em 1990 pelo ent\u00e3o presidente Carlos Menem (1989-1999), mas em 2003 a Justi\u00e7a anulou as leis de anistia e em 2005 tamb\u00e9m o perd\u00e3o que lhe havia sido outorgado na democracia.<\/p>\n<p>Em 1984, quando ainda estava em liberdade, amea\u00e7ou com uma faca que levava escondida na roupa um grupo de manifestantes que o repudiou, entre eles as M\u00e3e da Pra\u00e7a de Maio, na sa\u00edda de um canal de televis\u00e3o para onde havia sido convidado. Somente seu seguran\u00e7a foi capaz de det\u00ea-lo e impedir o ataque.<\/p>\n<p>A ditadura argentina deixou 30 mil desaparecidos, de acordo com entidades de direitos humanos.<\/p>\n","protected":false},"excerpt":{"rendered":"<p>O ex-hierarca da ditadura argentina Luciano Benjam\u00edn Men\u00e9ndez, cuja crueldade lhe valeu o apelido de a Hiena, morreu nesta ter\u00e7a-feira (27), aos 90 anos, em pris\u00e3o domiciliar e ap\u00f3s acumular 14 condena\u00e7\u00f5es, 13 delas \u00e0 pris\u00e3o perp\u00e9tua por crimes contra a humanidade. O tem\u00edvel ex-militar era o repressor com o maior n\u00famero de condena\u00e7\u00f5es como &hellip;<\/p>\n","protected":false},"author":2,"featured_media":26222,"comment_status":"open","ping_status":"open","sticky":false,"template":"","format":"standard","meta":{"_exactmetrics_skip_tracking":false,"_exactmetrics_sitenote_active":false,"_exactmetrics_sitenote_note":"","_exactmetrics_sitenote_category":0,"footnotes":""},"categories":[4],"tags":[],"_links":{"self":[{"href":"https:\/\/goiasemtempo.com.br\/home\/wp-json\/wp\/v2\/posts\/26345"}],"collection":[{"href":"https:\/\/goiasemtempo.com.br\/home\/wp-json\/wp\/v2\/posts"}],"about":[{"href":"https:\/\/goiasemtempo.com.br\/home\/wp-json\/wp\/v2\/types\/post"}],"author":[{"embeddable":true,"href":"https:\/\/goiasemtempo.com.br\/home\/wp-json\/wp\/v2\/users\/2"}],"replies":[{"embeddable":true,"href":"https:\/\/goiasemtempo.com.br\/home\/wp-json\/wp\/v2\/comments?post=26345"}],"version-history":[{"count":1,"href":"https:\/\/goiasemtempo.com.br\/home\/wp-json\/wp\/v2\/posts\/26345\/revisions"}],"predecessor-version":[{"id":26346,"href":"https:\/\/goiasemtempo.com.br\/home\/wp-json\/wp\/v2\/posts\/26345\/revisions\/26346"}],"wp:featuredmedia":[{"embeddable":true,"href":"https:\/\/goiasemtempo.com.br\/home\/wp-json\/wp\/v2\/media\/26222"}],"wp:attachment":[{"href":"https:\/\/goiasemtempo.com.br\/home\/wp-json\/wp\/v2\/media?parent=26345"}],"wp:term":[{"taxonomy":"category","embeddable":true,"href":"https:\/\/goiasemtempo.com.br\/home\/wp-json\/wp\/v2\/categories?post=26345"},{"taxonomy":"post_tag","embeddable":true,"href":"https:\/\/goiasemtempo.com.br\/home\/wp-json\/wp\/v2\/tags?post=26345"}],"curies":[{"name":"wp","href":"https:\/\/api.w.org\/{rel}","templated":true}]}}