{"id":26293,"date":"2018-03-01T12:28:04","date_gmt":"2018-03-01T12:28:04","guid":{"rendered":"https:\/\/goiasemtempo.com.br\/home\/?p=26293"},"modified":"2018-03-01T12:28:04","modified_gmt":"2018-03-01T12:28:04","slug":"governo-oficializa-jungmann-no-ministerio-da-seguranca-publica","status":"publish","type":"post","link":"https:\/\/goiasemtempo.com.br\/home\/governo-oficializa-jungmann-no-ministerio-da-seguranca-publica\/","title":{"rendered":"Governo oficializa Jungmann no Minist\u00e9rio da Seguran\u00e7a P\u00fablica"},"content":{"rendered":"<p>O porta-voz da Presid\u00eancia da Rep\u00fablica, Alexandre Parola, oficializou, no fim da manh\u00e3 desta segunda-feira, a cria\u00e7\u00e3o do Minist\u00e9rio Extraordin\u00e1rio da Seguran\u00e7a P\u00fablica e a nomea\u00e7\u00e3o de Raul Jungmann para comandar a nova pasta.<\/p>\n<p>\u201cO presidente Michel Temer edita hoje a medida provis\u00f3ria que cria o Minist\u00e9rio Extraordin\u00e1rio da Seguran\u00e7a P\u00fablica\u201d, informou Parola, confirmando o nome de Jungmann. O atual secret\u00e1rio-geral do Minist\u00e9rio da Defesa, general Joaquim Silva e Luna, vai comandar a pasta. A previs\u00e3o \u00e9 que a posse seja nesta ter\u00e7a-feira.<\/p>\n<p>Com a nomea\u00e7\u00e3o de Joaquim Silva e Luna, \u00e9 a primeira vez que um militar assume o Minist\u00e9rio da Defesa, criado em 1998. Segundo fontes, a tend\u00eancia \u00e9 que o presidente Michel Temer mantenha o general da reserva no cargo.<\/p>\n<p>O texto da MP foi fechado em reuni\u00e3o no \u00faltimo domingo, no Pal\u00e1cio do Jaburu, entre o presidente Michel Temer e ministros. Na semana passada, Temer chegou a estudar a cria\u00e7\u00e3o da pasta por meio de um decreto, o que, segundo fontes do Planalto, evitaria a necessidade de apoio do Congresso. Al\u00e9m disso, Temer ganharia o discurso de que, com o minist\u00e9rio criado por meio de decreto, n\u00e3o haveria a necessidade de uma nova estrutura de cargos, sem gerar mais custos para o governo.<\/p>\n<p>Agora, com a decis\u00e3o de viabilizar a pasta por meio de MP, tamb\u00e9m j\u00e1 foi anunciada a cria\u00e7\u00e3o de cargos de ministro, secret\u00e1rio e nove assessorias. Apesar disso, haver\u00e1 um remanejamento de alguns servidores da Justi\u00e7a para o novo minist\u00e9rio.<\/p>\n<p>No domingo, o ministro da Justi\u00e7a, Torquato Jardim, confirmou que a Pol\u00edcia Federal, a Pol\u00edcia Rodovi\u00e1ria Federal, o Departamento Penitenci\u00e1rio Nacional (Depen) e a Secretaria de Seguran\u00e7a P\u00fablica (inclui a For\u00e7a Nacional) ficar\u00e3o subordinados ao novo minist\u00e9rio.<\/p>\n","protected":false},"excerpt":{"rendered":"<p>O porta-voz da Presid\u00eancia da Rep\u00fablica, Alexandre Parola, oficializou, no fim da manh\u00e3 desta segunda-feira, a cria\u00e7\u00e3o do Minist\u00e9rio Extraordin\u00e1rio da Seguran\u00e7a P\u00fablica e a nomea\u00e7\u00e3o de Raul Jungmann para comandar a nova pasta. \u201cO presidente Michel Temer edita hoje a medida provis\u00f3ria que cria o Minist\u00e9rio Extraordin\u00e1rio da Seguran\u00e7a P\u00fablica\u201d, informou Parola, confirmando o &hellip;<\/p>\n","protected":false},"author":2,"featured_media":26195,"comment_status":"open","ping_status":"open","sticky":false,"template":"","format":"standard","meta":{"footnotes":""},"categories":[4],"tags":[],"class_list":["post-26293","post","type-post","status-publish","format-standard","has-post-thumbnail","hentry","category-ultimas-noticias"],"_links":{"self":[{"href":"https:\/\/goiasemtempo.com.br\/home\/wp-json\/wp\/v2\/posts\/26293","targetHints":{"allow":["GET"]}}],"collection":[{"href":"https:\/\/goiasemtempo.com.br\/home\/wp-json\/wp\/v2\/posts"}],"about":[{"href":"https:\/\/goiasemtempo.com.br\/home\/wp-json\/wp\/v2\/types\/post"}],"author":[{"embeddable":true,"href":"https:\/\/goiasemtempo.com.br\/home\/wp-json\/wp\/v2\/users\/2"}],"replies":[{"embeddable":true,"href":"https:\/\/goiasemtempo.com.br\/home\/wp-json\/wp\/v2\/comments?post=26293"}],"version-history":[{"count":1,"href":"https:\/\/goiasemtempo.com.br\/home\/wp-json\/wp\/v2\/posts\/26293\/revisions"}],"predecessor-version":[{"id":26294,"href":"https:\/\/goiasemtempo.com.br\/home\/wp-json\/wp\/v2\/posts\/26293\/revisions\/26294"}],"wp:featuredmedia":[{"embeddable":true,"href":"https:\/\/goiasemtempo.com.br\/home\/wp-json\/wp\/v2\/media\/26195"}],"wp:attachment":[{"href":"https:\/\/goiasemtempo.com.br\/home\/wp-json\/wp\/v2\/media?parent=26293"}],"wp:term":[{"taxonomy":"category","embeddable":true,"href":"https:\/\/goiasemtempo.com.br\/home\/wp-json\/wp\/v2\/categories?post=26293"},{"taxonomy":"post_tag","embeddable":true,"href":"https:\/\/goiasemtempo.com.br\/home\/wp-json\/wp\/v2\/tags?post=26293"}],"curies":[{"name":"wp","href":"https:\/\/api.w.org\/{rel}","templated":true}]}}