{"id":26096,"date":"2018-02-27T07:47:21","date_gmt":"2018-02-27T07:47:21","guid":{"rendered":"https:\/\/goiasemtempo.com.br\/home\/?p=26096"},"modified":"2018-02-27T07:47:21","modified_gmt":"2018-02-27T07:47:21","slug":"suprema-corte-dos-eua-mantem-protecao-do-daca-para-jovens-imigrantes","status":"publish","type":"post","link":"https:\/\/goiasemtempo.com.br\/home\/suprema-corte-dos-eua-mantem-protecao-do-daca-para-jovens-imigrantes\/","title":{"rendered":"Suprema Corte dos EUA mant\u00e9m prote\u00e7\u00e3o do Daca para jovens imigrantes"},"content":{"rendered":"<p>A Suprema Corte dos Estados Unidos rejeitou hoje (26) uma demanda da administra\u00e7\u00e3o Trump que pedia a revis\u00e3o de uma decis\u00e3o do juiz federal William Alsup que determina que o Programa de A\u00e7\u00e3o Diferida para os Chegados na Inf\u00e2ncia (Daca, na sigla em ingl\u00eas) seja mantido. Na pr\u00e1tica, a recusa da Suprema Corte mant\u00e9m a prote\u00e7\u00e3o contra deporta\u00e7\u00e3o e as garantias de direitos de trabalho legal e estudo para cerca de 800 mil jovens imigrantes indocumentados benefici\u00e1rios do programa.<\/p>\n<p>Uma decis\u00e3o de Trump, do ano passado, determinou que o programa deveria ser extinto at\u00e9 o dia 5 de mar\u00e7o e que o Congresso americano deveria decidir sobre o destino dos jovens imigrantes ilegais que chegaram aos EUA na inf\u00e2ncia, conhecidos como dreamers (sonhadores). Dois tribunais federais afirmaram que a suspens\u00e3o do Daca sem que haja uma lei regulat\u00f3ria seria ilegal.<\/p>\n<p>Vit\u00f3ria tempor\u00e1ria<\/p>\n<p>A a\u00e7\u00e3o representa uma vit\u00f3ria tempor\u00e1ria para os jovens trazidos aos EUA ilegalmente por seus pais ou respons\u00e1veis. O programa Daca foi institu\u00eddo pela administra\u00e7\u00e3o Barack Obama em 2014, como uma solu\u00e7\u00e3o tempor\u00e1ria para o problema.<\/p>\n<p>A Suprema Corte poderia ter acatado o pedido de Trump para rever o caso, ou at\u00e9 mesmo anular a decis\u00e3o do juiz federal Alsup. Mas o tribunal decidiu que o caso deve ter tramita\u00e7\u00e3o normal, e o governo Trump dever\u00e1 recorrer primeiro a inst\u00e2ncias inferiores se quiser uma revis\u00e3o do tema.<\/p>\n<p>O Daca \u00e9 alvo de intenso debate entre republicanos e democratas no Congresso. A maioria deles tem um entendimento de proteger o programa, entretanto a base aliada de  Trump quer us\u00e1-lo como moeda de troca para garantir recursos para a constru\u00e7\u00e3o de um muro na fronteira com o M\u00e9xico.<\/p>\n<p>Edi\u00e7\u00e3o: Augusto Queiroz<\/p>\n","protected":false},"excerpt":{"rendered":"<p>A Suprema Corte dos Estados Unidos rejeitou hoje (26) uma demanda da administra\u00e7\u00e3o Trump que pedia a revis\u00e3o de uma decis\u00e3o do juiz federal William Alsup que determina que o Programa de A\u00e7\u00e3o Diferida para os Chegados na Inf\u00e2ncia (Daca, na sigla em ingl\u00eas) seja mantido. Na pr\u00e1tica, a recusa da Suprema Corte mant\u00e9m a &hellip;<\/p>\n","protected":false},"author":2,"featured_media":25854,"comment_status":"open","ping_status":"open","sticky":false,"template":"","format":"standard","meta":{"_exactmetrics_skip_tracking":false,"_exactmetrics_sitenote_active":false,"_exactmetrics_sitenote_note":"","_exactmetrics_sitenote_category":0,"footnotes":""},"categories":[4],"tags":[],"_links":{"self":[{"href":"https:\/\/goiasemtempo.com.br\/home\/wp-json\/wp\/v2\/posts\/26096"}],"collection":[{"href":"https:\/\/goiasemtempo.com.br\/home\/wp-json\/wp\/v2\/posts"}],"about":[{"href":"https:\/\/goiasemtempo.com.br\/home\/wp-json\/wp\/v2\/types\/post"}],"author":[{"embeddable":true,"href":"https:\/\/goiasemtempo.com.br\/home\/wp-json\/wp\/v2\/users\/2"}],"replies":[{"embeddable":true,"href":"https:\/\/goiasemtempo.com.br\/home\/wp-json\/wp\/v2\/comments?post=26096"}],"version-history":[{"count":1,"href":"https:\/\/goiasemtempo.com.br\/home\/wp-json\/wp\/v2\/posts\/26096\/revisions"}],"predecessor-version":[{"id":26097,"href":"https:\/\/goiasemtempo.com.br\/home\/wp-json\/wp\/v2\/posts\/26096\/revisions\/26097"}],"wp:featuredmedia":[{"embeddable":true,"href":"https:\/\/goiasemtempo.com.br\/home\/wp-json\/wp\/v2\/media\/25854"}],"wp:attachment":[{"href":"https:\/\/goiasemtempo.com.br\/home\/wp-json\/wp\/v2\/media?parent=26096"}],"wp:term":[{"taxonomy":"category","embeddable":true,"href":"https:\/\/goiasemtempo.com.br\/home\/wp-json\/wp\/v2\/categories?post=26096"},{"taxonomy":"post_tag","embeddable":true,"href":"https:\/\/goiasemtempo.com.br\/home\/wp-json\/wp\/v2\/tags?post=26096"}],"curies":[{"name":"wp","href":"https:\/\/api.w.org\/{rel}","templated":true}]}}