{"id":25990,"date":"2018-02-27T07:03:15","date_gmt":"2018-02-27T07:03:15","guid":{"rendered":"https:\/\/goiasemtempo.com.br\/home\/?p=25990"},"modified":"2018-02-27T07:03:15","modified_gmt":"2018-02-27T07:03:15","slug":"colombia-eln-cessara-operacoes-militares-durante-legislativas","status":"publish","type":"post","link":"https:\/\/goiasemtempo.com.br\/home\/colombia-eln-cessara-operacoes-militares-durante-legislativas\/","title":{"rendered":"Col\u00f4mbia: ELN cessar\u00e1 opera\u00e7\u00f5es militares durante legislativas"},"content":{"rendered":"<p>A guerrilha do Ex\u00e9rcito de Liberta\u00e7\u00e3o Nacional (ELN), cujos di\u00e1logos de paz com o governo da Col\u00f4mbia est\u00e3o congelados, anunciou um cessar-fogo de suas atividades armadas durante as elei\u00e7\u00f5es legislativas, que ser\u00e3o realizadas em 11 de mar\u00e7o.<\/p>\n<p>O Ex\u00e9rcito de Liberta\u00e7\u00e3o Nacional (ELN) realizar\u00e1 um cessar das opera\u00e7\u00f5es militares ofensiva, entre os dias 9 e 13 de mar\u00e7o pr\u00f3ximos, indicou o grupo rebelde em um comunicado datado de domingo, dia 25 de fevereiro, mas divulgado nesta segunda-feira.<\/p>\n<p>A \u00faltima guerrilha da Col\u00f4mbia tamb\u00e9m defendeu a retomada dos di\u00e1logos de paz com o governo de Juan Manuel Santos, congelados no final de janeiro pelo presidente depois de uma ofensiva rebelde contra delegacias de pol\u00edcias que deixou oito agentes mortos e dezenas de feridos.<\/p>\n<p>A agenda deve continuar se desenvolvendo com rigor e rapidez (&#8230;) para buscar um acordo que supere os confrontos armados e acerte transforma\u00e7\u00f5es na busca de uma Col\u00f4mbia em paz e igualdade, acrescentou.<\/p>\n<p>Santos suspendeu as conversa\u00e7\u00f5es, instaladas em Quito h\u00e1 um ano, depois de um ataque guerrilheiro iniciado horas depois que finalizou a primeira tr\u00e9gua bilateral com essa guerrilha em meio s\u00e9culo de conflito.<\/p>\n<p>Esse \u00e9 o tipo de gesto que n\u00f3s est\u00e1vamos pedindo, afirmou o chefe de Estado \u00e0 emissora LaFM.<\/p>\n<p>Santos assegurou tamb\u00e9m que vai estudar o comunicado e que depois tomar\u00e1 uma decis\u00e3o.<\/p>\n<p>Ambas as partes se mostraram dispostas a acertar um novo cessar-fogo e retomar os di\u00e1logos, no entanto a delega\u00e7\u00e3o governamental permanece na Col\u00f4mbia.<\/p>\n<p>Propomos ao presidente Santos fixar uma data de in\u00edcio do Quinto Ciclo de conversa\u00e7\u00f5es para que envie sua Delega\u00e7\u00e3o de Di\u00e1logo a Quito, assinalou o ELN no texto.<\/p>\n<p>O presidente colombiano, Pr\u00eamio Nobel da Paz 2016 por seus esfor\u00e7os para finalizar o confronto armado em seu pa\u00eds, busca alcan\u00e7ar com o ELN um acordo similar ao assinado no final de 2016 com as Farc, j\u00e1 desarmadas e transformadas em partido pol\u00edtico.<\/p>\n<p>Depois do hist\u00f3rico pacto, as ex-For\u00e7as Armadas Revolucion\u00e1rias da Col\u00f4mbia (Farc) participar\u00e3o nas elei\u00e7\u00f5es legislativas de mar\u00e7o e nas presidenciais de maio, nas quais os colombianos eleger\u00e3o o sucessor de Santos.<\/p>\n<p>Os ex-guerrilheiros t\u00eam garantidos 10 cadeiras no Congresso, apesar de terem de participar igualmente na vota\u00e7\u00e3o, segundo o combinado depois de quatro anos de negocia\u00e7\u00f5es em Havana.<\/p>\n<p>Santos, que em agosto conclui seu segundo mandato de quatro anos, est\u00e1 impedido por lei de se candidatar a outro per\u00edodo presidencial.<\/p>\n<p>A Col\u00f4mbia quer por fim a um conflito armado que em meio s\u00e9culo deixou cerca de oito milh\u00f5es de v\u00edtimas entre mortos, desaparecidos e deslocados.<\/p>\n","protected":false},"excerpt":{"rendered":"<p>A guerrilha do Ex\u00e9rcito de Liberta\u00e7\u00e3o Nacional (ELN), cujos di\u00e1logos de paz com o governo da Col\u00f4mbia est\u00e3o congelados, anunciou um cessar-fogo de suas atividades armadas durante as elei\u00e7\u00f5es legislativas, que ser\u00e3o realizadas em 11 de mar\u00e7o. O Ex\u00e9rcito de Liberta\u00e7\u00e3o Nacional (ELN) realizar\u00e1 um cessar das opera\u00e7\u00f5es militares ofensiva, entre os dias 9 e &hellip;<\/p>\n","protected":false},"author":2,"featured_media":25793,"comment_status":"open","ping_status":"open","sticky":false,"template":"","format":"standard","meta":{"footnotes":""},"categories":[4],"tags":[],"class_list":["post-25990","post","type-post","status-publish","format-standard","has-post-thumbnail","hentry","category-ultimas-noticias"],"_links":{"self":[{"href":"https:\/\/goiasemtempo.com.br\/home\/wp-json\/wp\/v2\/posts\/25990","targetHints":{"allow":["GET"]}}],"collection":[{"href":"https:\/\/goiasemtempo.com.br\/home\/wp-json\/wp\/v2\/posts"}],"about":[{"href":"https:\/\/goiasemtempo.com.br\/home\/wp-json\/wp\/v2\/types\/post"}],"author":[{"embeddable":true,"href":"https:\/\/goiasemtempo.com.br\/home\/wp-json\/wp\/v2\/users\/2"}],"replies":[{"embeddable":true,"href":"https:\/\/goiasemtempo.com.br\/home\/wp-json\/wp\/v2\/comments?post=25990"}],"version-history":[{"count":1,"href":"https:\/\/goiasemtempo.com.br\/home\/wp-json\/wp\/v2\/posts\/25990\/revisions"}],"predecessor-version":[{"id":25991,"href":"https:\/\/goiasemtempo.com.br\/home\/wp-json\/wp\/v2\/posts\/25990\/revisions\/25991"}],"wp:featuredmedia":[{"embeddable":true,"href":"https:\/\/goiasemtempo.com.br\/home\/wp-json\/wp\/v2\/media\/25793"}],"wp:attachment":[{"href":"https:\/\/goiasemtempo.com.br\/home\/wp-json\/wp\/v2\/media?parent=25990"}],"wp:term":[{"taxonomy":"category","embeddable":true,"href":"https:\/\/goiasemtempo.com.br\/home\/wp-json\/wp\/v2\/categories?post=25990"},{"taxonomy":"post_tag","embeddable":true,"href":"https:\/\/goiasemtempo.com.br\/home\/wp-json\/wp\/v2\/tags?post=25990"}],"curies":[{"name":"wp","href":"https:\/\/api.w.org\/{rel}","templated":true}]}}