{"id":25944,"date":"2018-02-27T06:44:06","date_gmt":"2018-02-27T06:44:06","guid":{"rendered":"https:\/\/goiasemtempo.com.br\/home\/?p=25944"},"modified":"2018-02-27T06:44:06","modified_gmt":"2018-02-27T06:44:06","slug":"vendas-da-pascoa-deste-ano-devem-superar-as-de-2017","status":"publish","type":"post","link":"https:\/\/goiasemtempo.com.br\/home\/vendas-da-pascoa-deste-ano-devem-superar-as-de-2017\/","title":{"rendered":"Vendas da P\u00e1scoa deste ano devem superar as de 2017"},"content":{"rendered":"<p>Com a melhora dos indicadores econ\u00f4micos, a expectativa do varejo \u00e9 que as vendas da P\u00e1scoa deste ano sejam melhores do que as verificadas em 2017. Prova disso \u00e9 que h\u00e1 redes de supermercados no Estado que esperam alta de at\u00e9 20% na comercializa\u00e7\u00e3o. A estimativa do presidente da Associa\u00e7\u00e3o Mineira de Supermercados (Amis), Ant\u00f4nio Claret Nametala, \u00e9 que as vendas do setor em Minas registrem expans\u00e3o em torno de 3% na compara\u00e7\u00e3o com a mesma data do ano passado. \u201c\u00c9 uma data sazonal importante para o setor, que tem como grande incentivador as vendas de chocolates, bombons e barras\u201d, frisa.<\/p>\n<p>Ele explica que a ind\u00fastria est\u00e1 atenta \u00e0s mudan\u00e7as no perfil dos consumidores que, nos \u00faltimos anos, migraram para os produtos mais em conta, deixando de lado, em especial, os ovos de P\u00e1scoa de tamanho grande. \u201cNo caso dos ovos, esperamos manter as vendas no patamar do ano passado\u201d, observa.<\/p>\n<p>Para os tradicionais ovos, a expectativa do dirigente \u00e9 que as vendas se concentrem em produtos de R$ 20 a R$ 30. \u201cEst\u00e3o previstos 120 lan\u00e7amentos da ind\u00fastria, inclusive caixa de bombons com brinquedos voltados para o p\u00fablico infantil\u201d, conta.<\/p>\n<p>Para 2018, a perspectiva \u00e9 que as vendas gerais dos supermercados mineiros cres\u00e7am 2,8%. No ano passado, o incremento foi de 2,29%, marcando o sexto ano seguido de expans\u00e3o do segmento no Estado, segundo dados do Term\u00f4metro de Vendas, pesquisa mensal da Amis.<\/p>\n<p>Na rede Super Nosso, a perspectiva para a P\u00e1scoa \u00e9 de incremento na casa dos 20% frente ao ano anterior, conforme o diretor comercial Ronaldo Peixoto. J\u00e1 as lojas do Extra e do P\u00e3o de A\u00e7\u00facar estimam aumento de 15% nas vendas de ovos, bomboniere e barras em todo o pa\u00eds. A apostas para a data s\u00e3o as barras de chocolate e os itens de bomboniere (bombons, balas e chocolates). Essas categorias de produto devem ter incremento de 30% na comercializa\u00e7\u00e3o frente a 2017.<\/p>\n<p>A Cacau Show, que encerrou o ano passado com 2.121 lojas em opera\u00e7\u00e3o no pa\u00eds, prev\u00ea um crescimento de 20% nas vendas durante a P\u00e1scoa, data mais importante do ano para a marca. Para atender \u00e0 alta demanda, foram abertas mais de 6.800 vagas tempor\u00e1rias em todo o Brasil. Para se candidatar, os interessados nas vagas de vendedores e atendentes devem apresentar o curr\u00edculo na loja da Cacau Show mais pr\u00f3xima de sua resid\u00eancia.<\/p>\n<p>O presidente da Associa\u00e7\u00e3o Mineira da Ind\u00fastria de Panifica\u00e7\u00e3o, Vin\u00edcius Segantine Dantas, ressalta que toda data comemorativa que tenha rela\u00e7\u00e3o com alimentos, como \u00e9 o caso do Natal e da P\u00e1scoa, \u00e9 favor\u00e1vel ao setor, que em Belo Horizonte conta com mais de 1.600 padarias. \u201cNa P\u00e1scoa, os produtos que levam chocolate ganham destaque\u201d, explica.<\/p>\n<p>Para ele, o consumidor est\u00e1 mais confiante na economia, o que deve ajudar nas vendas na data. \u201cO desempenho das padarias vai depender das estrat\u00e9gias adotadas pelos empres\u00e1rios para a P\u00e1scoa. Depois de um ano de crise, acredito que \u00e9 poss\u00edvel crescer, pelo menos, 5% nas vendas ante 2017\u201d, observa.<\/p>\n<p>N\u00fameros positivos<\/p>\n<p>As vendas dos supermercados com a P\u00e1scoa devem crescer 3% neste ano na compara\u00e7\u00e3o com a data em 2017, no Estado.<\/p>\n<p>Nas padarias e confeitarias mineiras, a perspectiva com a data \u00e9 de alta de, pelo menos, 5%.<\/p>\n<p>Quase 30% das varejistas da capital t\u00eam um impacto positivo com a P\u00e1scoa, conforme levantamento de 2017, da Federa\u00e7\u00e3o do Com\u00e9rcio de Bens, Servi\u00e7os e Turismo do Estado de Minas Gerais (Fecom\u00e9rcio Minas).<\/p>\n","protected":false},"excerpt":{"rendered":"<p>Com a melhora dos indicadores econ\u00f4micos, a expectativa do varejo \u00e9 que as vendas da P\u00e1scoa deste ano sejam melhores do que as verificadas em 2017. Prova disso \u00e9 que h\u00e1 redes de supermercados no Estado que esperam alta de at\u00e9 20% na comercializa\u00e7\u00e3o. A estimativa do presidente da Associa\u00e7\u00e3o Mineira de Supermercados (Amis), Ant\u00f4nio &hellip;<\/p>\n","protected":false},"author":2,"featured_media":25768,"comment_status":"open","ping_status":"open","sticky":false,"template":"","format":"standard","meta":{"footnotes":""},"categories":[4],"tags":[],"class_list":["post-25944","post","type-post","status-publish","format-standard","has-post-thumbnail","hentry","category-ultimas-noticias"],"_links":{"self":[{"href":"https:\/\/goiasemtempo.com.br\/home\/wp-json\/wp\/v2\/posts\/25944","targetHints":{"allow":["GET"]}}],"collection":[{"href":"https:\/\/goiasemtempo.com.br\/home\/wp-json\/wp\/v2\/posts"}],"about":[{"href":"https:\/\/goiasemtempo.com.br\/home\/wp-json\/wp\/v2\/types\/post"}],"author":[{"embeddable":true,"href":"https:\/\/goiasemtempo.com.br\/home\/wp-json\/wp\/v2\/users\/2"}],"replies":[{"embeddable":true,"href":"https:\/\/goiasemtempo.com.br\/home\/wp-json\/wp\/v2\/comments?post=25944"}],"version-history":[{"count":1,"href":"https:\/\/goiasemtempo.com.br\/home\/wp-json\/wp\/v2\/posts\/25944\/revisions"}],"predecessor-version":[{"id":25945,"href":"https:\/\/goiasemtempo.com.br\/home\/wp-json\/wp\/v2\/posts\/25944\/revisions\/25945"}],"wp:featuredmedia":[{"embeddable":true,"href":"https:\/\/goiasemtempo.com.br\/home\/wp-json\/wp\/v2\/media\/25768"}],"wp:attachment":[{"href":"https:\/\/goiasemtempo.com.br\/home\/wp-json\/wp\/v2\/media?parent=25944"}],"wp:term":[{"taxonomy":"category","embeddable":true,"href":"https:\/\/goiasemtempo.com.br\/home\/wp-json\/wp\/v2\/categories?post=25944"},{"taxonomy":"post_tag","embeddable":true,"href":"https:\/\/goiasemtempo.com.br\/home\/wp-json\/wp\/v2\/tags?post=25944"}],"curies":[{"name":"wp","href":"https:\/\/api.w.org\/{rel}","templated":true}]}}