{"id":25904,"date":"2018-02-27T06:27:27","date_gmt":"2018-02-27T06:27:27","guid":{"rendered":"https:\/\/goiasemtempo.com.br\/home\/?p=25904"},"modified":"2018-02-27T06:27:27","modified_gmt":"2018-02-27T06:27:27","slug":"receita-libera-hoje-programa-da-declaracao-do-ir-2018","status":"publish","type":"post","link":"https:\/\/goiasemtempo.com.br\/home\/receita-libera-hoje-programa-da-declaracao-do-ir-2018\/","title":{"rendered":"Receita libera hoje programa da declara\u00e7\u00e3o do IR 2018"},"content":{"rendered":"<p>A Receita Federal libera nesta segunda-feira o download do programa de entrega da declara\u00e7\u00e3o do Imposto de Renda de 2018. O prazo para envio come\u00e7a no dia 1\u00ba de mar\u00e7o.<\/p>\n<p>Para este ano, a expectativa da Receita \u00e9 que 28,8 milh\u00f5es de contribuintes enviem suas declara\u00e7\u00f5es. No passado, 28,5 milh\u00f5es prestaram contas ao Fisco.<\/p>\n<p>Quem atrasar a entrega da declara\u00e7\u00e3o est\u00e1 sujeito ao pagamento de multa m\u00ednima de 165,74 reais, e m\u00e1xima de 20% do imposto devido. O prazo para declarar se encerra \u00e0s 23h59 de 30 de abril.<\/p>\n<p>Veja abaixo quem \u00e9 obrigado a declarar o Imposto de Renda:<br \/>\nQuem recebeu rendimentos tribut\u00e1veis, sujeitos ao ajuste na declara\u00e7\u00e3o, cuja soma foi superior a 28.559,70 reais;<br \/>\nQuem recebeu rendimentos isentos, n\u00e3o tribut\u00e1veis ou tribut\u00e1veis exclusivamente na fonte, cuja soma foi superior a 40.000 reais;<br \/>\nQuem obteve, em qualquer m\u00eas, ganho de capital na aliena\u00e7\u00e3o de bens ou direitos, sujeito \u00e0 incid\u00eancia do imposto, ou realizou opera\u00e7\u00f5es em bolsas de valores, de mercadorias, de futuros e assemelhadas;<br \/>\nQuem teve, em 31 de dezembro, a posse ou a propriedade de bens ou direitos, inclusive terra nua, de valor total superior a 300.000 reais;<br \/>\nQuem passou \u00e0 condi\u00e7\u00e3o de residente no Brasil em qualquer m\u00eas e nesta condi\u00e7\u00e3o se encontrava em 31 de dezembro;<br \/>\nQuem optou pela isen\u00e7\u00e3o do imposto sobre a renda incidente sobre o ganho de capital auferido na venda de im\u00f3veis residenciais, cujo produto da venda seja aplicado na aquisi\u00e7\u00e3o de im\u00f3veis residenciais localizados no pa\u00eds, no prazo de 180 dias contados da celebra\u00e7\u00e3o do contrato de venda;<br \/>\nRelativamente \u00e0 atividade rural, quem obteve receita bruta em valor superior a 142.798,50 reais;<br \/>\nQuem pretende compensar, no ano \u2013 calend\u00e1rio de 2017 ou posteriores, preju\u00edzos de anos-calend\u00e1rio anteriores ou do pr\u00f3prio ano-calend\u00e1rio de 2016.<\/p>\n","protected":false},"excerpt":{"rendered":"<p>A Receita Federal libera nesta segunda-feira o download do programa de entrega da declara\u00e7\u00e3o do Imposto de Renda de 2018. O prazo para envio come\u00e7a no dia 1\u00ba de mar\u00e7o. Para este ano, a expectativa da Receita \u00e9 que 28,8 milh\u00f5es de contribuintes enviem suas declara\u00e7\u00f5es. No passado, 28,5 milh\u00f5es prestaram contas ao Fisco. Quem &hellip;<\/p>\n","protected":false},"author":2,"featured_media":25742,"comment_status":"open","ping_status":"open","sticky":false,"template":"","format":"standard","meta":{"footnotes":""},"categories":[4],"tags":[],"class_list":["post-25904","post","type-post","status-publish","format-standard","has-post-thumbnail","hentry","category-ultimas-noticias"],"_links":{"self":[{"href":"https:\/\/goiasemtempo.com.br\/home\/wp-json\/wp\/v2\/posts\/25904","targetHints":{"allow":["GET"]}}],"collection":[{"href":"https:\/\/goiasemtempo.com.br\/home\/wp-json\/wp\/v2\/posts"}],"about":[{"href":"https:\/\/goiasemtempo.com.br\/home\/wp-json\/wp\/v2\/types\/post"}],"author":[{"embeddable":true,"href":"https:\/\/goiasemtempo.com.br\/home\/wp-json\/wp\/v2\/users\/2"}],"replies":[{"embeddable":true,"href":"https:\/\/goiasemtempo.com.br\/home\/wp-json\/wp\/v2\/comments?post=25904"}],"version-history":[{"count":1,"href":"https:\/\/goiasemtempo.com.br\/home\/wp-json\/wp\/v2\/posts\/25904\/revisions"}],"predecessor-version":[{"id":25905,"href":"https:\/\/goiasemtempo.com.br\/home\/wp-json\/wp\/v2\/posts\/25904\/revisions\/25905"}],"wp:featuredmedia":[{"embeddable":true,"href":"https:\/\/goiasemtempo.com.br\/home\/wp-json\/wp\/v2\/media\/25742"}],"wp:attachment":[{"href":"https:\/\/goiasemtempo.com.br\/home\/wp-json\/wp\/v2\/media?parent=25904"}],"wp:term":[{"taxonomy":"category","embeddable":true,"href":"https:\/\/goiasemtempo.com.br\/home\/wp-json\/wp\/v2\/categories?post=25904"},{"taxonomy":"post_tag","embeddable":true,"href":"https:\/\/goiasemtempo.com.br\/home\/wp-json\/wp\/v2\/tags?post=25904"}],"curies":[{"name":"wp","href":"https:\/\/api.w.org\/{rel}","templated":true}]}}