{"id":25653,"date":"2018-02-26T04:14:20","date_gmt":"2018-02-26T04:14:20","guid":{"rendered":"https:\/\/goiasemtempo.com.br\/home\/?p=25653"},"modified":"2018-02-26T04:14:20","modified_gmt":"2018-02-26T04:14:20","slug":"demonstrativo-de-rendimentos-ja-esta-disponivel-no-site-do-inss","status":"publish","type":"post","link":"https:\/\/goiasemtempo.com.br\/home\/demonstrativo-de-rendimentos-ja-esta-disponivel-no-site-do-inss\/","title":{"rendered":"Demonstrativo de rendimentos j\u00e1 est\u00e1 dispon\u00edvel no site do INSS"},"content":{"rendered":"<p>O Instituto Nacional do Seguro Social (INSS) divulgou hoje no site o demonstrativo de rendimentos de 2017 dos aposentados e pensionistas obrigados a apresentar a declara\u00e7\u00e3o do Imposto de Renda \u00e0 Receita Federal. <\/p>\n<p>Para consultar o extrato, o segurado deve acessar o site do INSS e consultar o Extrato de Imposto de Renda (IR) no menu de servi\u00e7os da Central \u201cMeu INSS\u201d, com login e senha.<\/p>\n<p>Para fazer o cadastro no Meu INSS, s\u00e3o necess\u00e1rios o CPF, nome completo, data e local de nascimento e nome da m\u00e3e para gerar um c\u00f3digo de acesso provis\u00f3rio. Depois, o segurado deve fazer login, com a senha provis\u00f3ria.<\/p>\n<p>Logo em seguida, aparecer\u00e1 mensagem para que o cidad\u00e3o crie sua pr\u00f3pria senha. A senha deve conter n\u00fameros e letras, al\u00e9m de um caractere especial, como #@$%!*-\/+. Pelo menos uma letra deve ser mai\u00fascula e outra min\u00fascula.<\/p>\n<p>Tamb\u00e9m no site \u00e9 poss\u00edvel consultar o demonstrativo de anos anteriores. Em caso de d\u00favidas, o cidad\u00e3o pode ligar para a Central 135. Brasileiros no exterior tamb\u00e9m conseguem acessar o Meu INSS.<\/p>\n<p>De acordo com o INSS, o demonstrativo do ano base 2017 pode ser retirado nas ag\u00eancias de Previd\u00eancia Social (APS). O \u00f3rg\u00e3o recomenda, no entanto, para mais conforto ao cidad\u00e3o, que a impress\u00e3o seja feita na internet ou nos terminais de autoatendimento dos bancos.<\/p>\n<p>O programa para preenchimento da declara\u00e7\u00e3o do Imposto de Renda 2018 ser\u00e1 disponibilizado pela Receita Federal nesta \u00faltima semana de fevereiro e o prazo de entrega ter\u00e1 in\u00edcio no come\u00e7o de mar\u00e7o. Cerca de 40 milh\u00f5es de brasileiros devem declarar o Imposto de Renda este ano.<\/p>\n<p>Edi\u00e7\u00e3o: Kleber Sampaio<\/p>\n","protected":false},"excerpt":{"rendered":"<p>O Instituto Nacional do Seguro Social (INSS) divulgou hoje no site o demonstrativo de rendimentos de 2017 dos aposentados e pensionistas obrigados a apresentar a declara\u00e7\u00e3o do Imposto de Renda \u00e0 Receita Federal. Para consultar o extrato, o segurado deve acessar o site do INSS e consultar o Extrato de Imposto de Renda (IR) no &hellip;<\/p>\n","protected":false},"author":2,"featured_media":25055,"comment_status":"open","ping_status":"open","sticky":false,"template":"","format":"standard","meta":{"footnotes":""},"categories":[4],"tags":[],"class_list":["post-25653","post","type-post","status-publish","format-standard","has-post-thumbnail","hentry","category-ultimas-noticias"],"_links":{"self":[{"href":"https:\/\/goiasemtempo.com.br\/home\/wp-json\/wp\/v2\/posts\/25653","targetHints":{"allow":["GET"]}}],"collection":[{"href":"https:\/\/goiasemtempo.com.br\/home\/wp-json\/wp\/v2\/posts"}],"about":[{"href":"https:\/\/goiasemtempo.com.br\/home\/wp-json\/wp\/v2\/types\/post"}],"author":[{"embeddable":true,"href":"https:\/\/goiasemtempo.com.br\/home\/wp-json\/wp\/v2\/users\/2"}],"replies":[{"embeddable":true,"href":"https:\/\/goiasemtempo.com.br\/home\/wp-json\/wp\/v2\/comments?post=25653"}],"version-history":[{"count":1,"href":"https:\/\/goiasemtempo.com.br\/home\/wp-json\/wp\/v2\/posts\/25653\/revisions"}],"predecessor-version":[{"id":25654,"href":"https:\/\/goiasemtempo.com.br\/home\/wp-json\/wp\/v2\/posts\/25653\/revisions\/25654"}],"wp:featuredmedia":[{"embeddable":true,"href":"https:\/\/goiasemtempo.com.br\/home\/wp-json\/wp\/v2\/media\/25055"}],"wp:attachment":[{"href":"https:\/\/goiasemtempo.com.br\/home\/wp-json\/wp\/v2\/media?parent=25653"}],"wp:term":[{"taxonomy":"category","embeddable":true,"href":"https:\/\/goiasemtempo.com.br\/home\/wp-json\/wp\/v2\/categories?post=25653"},{"taxonomy":"post_tag","embeddable":true,"href":"https:\/\/goiasemtempo.com.br\/home\/wp-json\/wp\/v2\/tags?post=25653"}],"curies":[{"name":"wp","href":"https:\/\/api.w.org\/{rel}","templated":true}]}}