{"id":25651,"date":"2018-02-26T04:13:42","date_gmt":"2018-02-26T04:13:42","guid":{"rendered":"https:\/\/goiasemtempo.com.br\/home\/?p=25651"},"modified":"2018-02-26T04:13:42","modified_gmt":"2018-02-26T04:13:42","slug":"taxa-de-subutilizacao-da-forca-de-trabalho-no-pais-fecha-2017-em-238","status":"publish","type":"post","link":"https:\/\/goiasemtempo.com.br\/home\/taxa-de-subutilizacao-da-forca-de-trabalho-no-pais-fecha-2017-em-238\/","title":{"rendered":"Taxa de subutiliza\u00e7\u00e3o da for\u00e7a de trabalho no pa\u00eds fecha 2017 em 23,8%"},"content":{"rendered":"<p>A taxa de subutiliza\u00e7\u00e3o da for\u00e7a de trabalho no pa\u00eds fechou 2017 em 23,8%, segundo dados da Pesquisa Nacional por Amostra de Domic\u00edlios Cont\u00ednua (PNAD-C), divulgados hoje (23) pelo Instituto Brasileiro de Geografia e Estat\u00edstica (IBGE). Considerando-se apenas o quatro trimestre do ano, a taxa ficou em 23,6%<\/p>\n<p>Isso significa que havia, no quarto trimestre do ano, 26,3 milh\u00f5es de pessoas em pelo menos uma das seguintes situa\u00e7\u00f5es: n\u00e3o conseguem emprego; trabalham menos do que poderiam; gostariam de trabalhar, mas n\u00e3o procuraram emprego; ou chegaram a procurar emprego, mas n\u00e3o estavam dispon\u00edveis para trabalhar.<\/p>\n<p>A taxa de 23,6% ficou abaixo dos 23,9% do terceiro trimestre de 2017, mas acima dos 22,2% do quarto trimestre de 2016.<\/p>\n<p>Entre as unidades da Federa\u00e7\u00e3o, as maiores taxas de subutiliza\u00e7\u00e3o da for\u00e7a de trabalho foram encontradas no Piau\u00ed (40,7%), Bahia (37,7%), Alagoas (36,5%) e Maranh\u00e3o (35,8%). J\u00e1 aquelas com menores taxas foram Santa Catarina (10,7%), Mato Grosso (14,3%), Rio Grande do Sul (15,5%) e Rond\u00f4nia (15,8%).<\/p>\n<p>Pela primeira vez, a Pnad Cont\u00ednua traz dados sobre os desalentados, isto \u00e9, aqueles que estavam fora da for\u00e7a de trabalho por uma das seguintes raz\u00f5es: n\u00e3o conseguiam trabalho, ou n\u00e3o tinham experi\u00eancia, eram muito jovens ou idosos, n\u00e3o encontraram trabalho na localidade \u2013 e se tivessem conseguido trabalho, estariam dispon\u00edves para assumir a vaga.<\/p>\n<p>No 4\u00ba trimestre de 2017, o contingente de desalentados foi de 4,3 milh\u00f5es, o maior da s\u00e9rie hist\u00f3rica iniciada em 2012. O Nordeste tinha 59,7% do total de desalentados.<\/p>\n<p>Edi\u00e7\u00e3o: Gra\u00e7a Adjuto<\/p>\n","protected":false},"excerpt":{"rendered":"<p>A taxa de subutiliza\u00e7\u00e3o da for\u00e7a de trabalho no pa\u00eds fechou 2017 em 23,8%, segundo dados da Pesquisa Nacional por Amostra de Domic\u00edlios Cont\u00ednua (PNAD-C), divulgados hoje (23) pelo Instituto Brasileiro de Geografia e Estat\u00edstica (IBGE). Considerando-se apenas o quatro trimestre do ano, a taxa ficou em 23,6% Isso significa que havia, no quarto trimestre &hellip;<\/p>\n","protected":false},"author":2,"featured_media":25054,"comment_status":"open","ping_status":"open","sticky":false,"template":"","format":"standard","meta":{"footnotes":""},"categories":[4],"tags":[],"class_list":["post-25651","post","type-post","status-publish","format-standard","has-post-thumbnail","hentry","category-ultimas-noticias"],"_links":{"self":[{"href":"https:\/\/goiasemtempo.com.br\/home\/wp-json\/wp\/v2\/posts\/25651","targetHints":{"allow":["GET"]}}],"collection":[{"href":"https:\/\/goiasemtempo.com.br\/home\/wp-json\/wp\/v2\/posts"}],"about":[{"href":"https:\/\/goiasemtempo.com.br\/home\/wp-json\/wp\/v2\/types\/post"}],"author":[{"embeddable":true,"href":"https:\/\/goiasemtempo.com.br\/home\/wp-json\/wp\/v2\/users\/2"}],"replies":[{"embeddable":true,"href":"https:\/\/goiasemtempo.com.br\/home\/wp-json\/wp\/v2\/comments?post=25651"}],"version-history":[{"count":1,"href":"https:\/\/goiasemtempo.com.br\/home\/wp-json\/wp\/v2\/posts\/25651\/revisions"}],"predecessor-version":[{"id":25652,"href":"https:\/\/goiasemtempo.com.br\/home\/wp-json\/wp\/v2\/posts\/25651\/revisions\/25652"}],"wp:featuredmedia":[{"embeddable":true,"href":"https:\/\/goiasemtempo.com.br\/home\/wp-json\/wp\/v2\/media\/25054"}],"wp:attachment":[{"href":"https:\/\/goiasemtempo.com.br\/home\/wp-json\/wp\/v2\/media?parent=25651"}],"wp:term":[{"taxonomy":"category","embeddable":true,"href":"https:\/\/goiasemtempo.com.br\/home\/wp-json\/wp\/v2\/categories?post=25651"},{"taxonomy":"post_tag","embeddable":true,"href":"https:\/\/goiasemtempo.com.br\/home\/wp-json\/wp\/v2\/tags?post=25651"}],"curies":[{"name":"wp","href":"https:\/\/api.w.org\/{rel}","templated":true}]}}