{"id":25619,"date":"2018-02-26T04:03:47","date_gmt":"2018-02-26T04:03:47","guid":{"rendered":"https:\/\/goiasemtempo.com.br\/home\/?p=25619"},"modified":"2018-02-26T04:03:47","modified_gmt":"2018-02-26T04:03:47","slug":"secretario-de-seguranca-de-sp-diz-que-intervencao-no-rio-nao-deve-afetar-estado","status":"publish","type":"post","link":"https:\/\/goiasemtempo.com.br\/home\/secretario-de-seguranca-de-sp-diz-que-intervencao-no-rio-nao-deve-afetar-estado\/","title":{"rendered":"Secret\u00e1rio de seguran\u00e7a de SP diz que interven\u00e7\u00e3o no Rio n\u00e3o deve afetar estado"},"content":{"rendered":"<p>O secret\u00e1rio de Seguran\u00e7a P\u00fablica de S\u00e3o Paulo, M\u00e1gino Alves Barbosa, disse hoje (23) que a interven\u00e7\u00e3o federal no Rio de Janeiro n\u00e3o dever\u00e1 causar a migra\u00e7\u00e3o de criminosos para o estado paulista. Segundo Barbosa, n\u00e3o existe nenhuma indica\u00e7\u00e3o de que S\u00e3o Paulo ser\u00e1 afetado pela a\u00e7\u00e3o no estado vizinho.<\/p>\n<p>\u201cNada de concreto nos leva a crer, tanto historicamente como nos dias de hoje, que ocorra qualquer tipo de migra\u00e7\u00e3o de bandidos do Rio de Janeiro para S\u00e3o Paulo. N\u00f3s tivemos v\u00e1rios momentos do Rio de Janeiro em que as For\u00e7as Armadas foram empregadas nas opera\u00e7\u00f5es de garantia da lei e da ordem [GLO]. Em nenhum desses momentos, desde 1992, n\u00f3s tivemos migra\u00e7\u00e3o de a\u00e7\u00f5es criminosas. N\u00e3o h\u00e1 porque imaginar que haver\u00e1 agora\u201d, disse.<\/p>\n<p>M\u00e1gino, no entanto, disse que n\u00e3o \u00e9 poss\u00edvel \u201ccravar\u201d que S\u00e3o Paulo n\u00e3o ser\u00e1 afetado, e acrescentou que est\u00e1 tratando o assunto com cautela. \u201cTodas as nossas for\u00e7as policiais est\u00e3o preparadas, vigilantes, atentas para qualquer eventualidade. Estamos j\u00e1 realizando algumas opera\u00e7\u00f5es e iremos intensificar na medida em que forem necess\u00e1rias\u201d, disse.<\/p>\n<p>Balan\u00e7o<\/p>\n<p>O estado de S\u00e3o Paulo iniciou o ano com a alta no n\u00famero de estupros e a queda no n\u00famero de homic\u00eddios, latroc\u00ednios e roubos. Segundo dados divulgados hoje (23), os estupros subiram 15,53% em janeiro, chegando a 1.034 casos. No mesmo m\u00eas do ano passado, foram 895 registros. \u201cIsso se deve basicamente em virtude do incentivo que estamos fazendo, das campanhas que estamos fazendo para que este tipo de crime seja cada vez mais notificado, sempre lembrando que de 79% a 82% dos crimes de estupro envolvem pessoas que se conhecem\u201d, disse M\u00e1gino.<\/p>\n<p>Os casos de homic\u00eddio doloso recuaram 6,76%, passando de 281 para 262 registros. J\u00e1 o n\u00famero de v\u00edtimas caiu 10,65%, de 310 para 277, na compara\u00e7\u00e3o com janeiro de 2017. Os dois indicadores s\u00e3o os menores da s\u00e9rie hist\u00f3rica, iniciada em 2001.<\/p>\n<p>Os roubos ca\u00edram 12,47% (de 26.438 para 23.141), e os casos de latroc\u00ednio ca\u00edram 41,03%, passando de 39 para 23 casos. J\u00e1 o n\u00famero de v\u00edtimas desse delito caiu 42,5%, de 40 para 23. Os indicadores estat\u00edsticos de 2018 s\u00e3o os menores desde 2012.<\/p>\n<p>Edi\u00e7\u00e3o: Amanda Cieglinski<\/p>\n","protected":false},"excerpt":{"rendered":"<p>O secret\u00e1rio de Seguran\u00e7a P\u00fablica de S\u00e3o Paulo, M\u00e1gino Alves Barbosa, disse hoje (23) que a interven\u00e7\u00e3o federal no Rio de Janeiro n\u00e3o dever\u00e1 causar a migra\u00e7\u00e3o de criminosos para o estado paulista. Segundo Barbosa, n\u00e3o existe nenhuma indica\u00e7\u00e3o de que S\u00e3o Paulo ser\u00e1 afetado pela a\u00e7\u00e3o no estado vizinho. \u201cNada de concreto nos leva &hellip;<\/p>\n","protected":false},"author":2,"featured_media":25038,"comment_status":"open","ping_status":"open","sticky":false,"template":"","format":"standard","meta":{"footnotes":""},"categories":[4],"tags":[],"class_list":["post-25619","post","type-post","status-publish","format-standard","has-post-thumbnail","hentry","category-ultimas-noticias"],"_links":{"self":[{"href":"https:\/\/goiasemtempo.com.br\/home\/wp-json\/wp\/v2\/posts\/25619","targetHints":{"allow":["GET"]}}],"collection":[{"href":"https:\/\/goiasemtempo.com.br\/home\/wp-json\/wp\/v2\/posts"}],"about":[{"href":"https:\/\/goiasemtempo.com.br\/home\/wp-json\/wp\/v2\/types\/post"}],"author":[{"embeddable":true,"href":"https:\/\/goiasemtempo.com.br\/home\/wp-json\/wp\/v2\/users\/2"}],"replies":[{"embeddable":true,"href":"https:\/\/goiasemtempo.com.br\/home\/wp-json\/wp\/v2\/comments?post=25619"}],"version-history":[{"count":1,"href":"https:\/\/goiasemtempo.com.br\/home\/wp-json\/wp\/v2\/posts\/25619\/revisions"}],"predecessor-version":[{"id":25620,"href":"https:\/\/goiasemtempo.com.br\/home\/wp-json\/wp\/v2\/posts\/25619\/revisions\/25620"}],"wp:featuredmedia":[{"embeddable":true,"href":"https:\/\/goiasemtempo.com.br\/home\/wp-json\/wp\/v2\/media\/25038"}],"wp:attachment":[{"href":"https:\/\/goiasemtempo.com.br\/home\/wp-json\/wp\/v2\/media?parent=25619"}],"wp:term":[{"taxonomy":"category","embeddable":true,"href":"https:\/\/goiasemtempo.com.br\/home\/wp-json\/wp\/v2\/categories?post=25619"},{"taxonomy":"post_tag","embeddable":true,"href":"https:\/\/goiasemtempo.com.br\/home\/wp-json\/wp\/v2\/tags?post=25619"}],"curies":[{"name":"wp","href":"https:\/\/api.w.org\/{rel}","templated":true}]}}