{"id":25607,"date":"2018-02-26T04:00:03","date_gmt":"2018-02-26T04:00:03","guid":{"rendered":"https:\/\/goiasemtempo.com.br\/home\/?p=25607"},"modified":"2018-02-26T04:00:03","modified_gmt":"2018-02-26T04:00:03","slug":"regiao-de-viaduto-que-desabou-em-brasilia-comeca-a-receber-obras-de-restauracao","status":"publish","type":"post","link":"https:\/\/goiasemtempo.com.br\/home\/regiao-de-viaduto-que-desabou-em-brasilia-comeca-a-receber-obras-de-restauracao\/","title":{"rendered":"Regi\u00e3o de viaduto que desabou em Bras\u00edlia come\u00e7a a receber obras de restaura\u00e7\u00e3o"},"content":{"rendered":"<p>A Galeria dos Estados, regi\u00e3o do desabamento de parte de um viaduto em Bras\u00edlia, come\u00e7ou hoje (24) a passar por limpeza, verifica\u00e7\u00e3o do sistema de drenagem, retirada de infiltra\u00e7\u00f5es e restaura\u00e7\u00e3o da laje do forro. O trabalho est\u00e1 sendo feito pela Companhia Urbanizadora da Nova Capital do Brasil (Novacap) neste final de semana, com interdi\u00e7\u00e3o da passagem de pedestres pela \u00e1rea subterr\u00e2nea.<\/p>\n<p>No \u00faltimo dia 6, uma faixa da pista no sentido Asa Norte, do viaduto da principal via de Bras\u00edlia \u2013 o Eix\u00e3o Sul \u2013 desabou, atingindo parcialmente um restaurante. N\u00e3o houve v\u00edtimas.<\/p>\n<p>O presidente da Novacap, J\u00falio Menegotto, disse que ser\u00e1 feita uma inspe\u00e7\u00e3o completa na galeria para fazer a licita\u00e7\u00e3o de restaura\u00e7\u00e3o. \u201cVamos fazer reformas pontuais no refor\u00e7o de alguma laje, algum pilar e vamos fazer o escoramento dessa \u00e1rea. Vamos trabalhar todo o final de semana para que segunda-feira (26) de manh\u00e3 o pedestre possa voltar a circular nessa \u00e1rea\u201d, acrescentou.<\/p>\n<p>Na pr\u00f3xima semana, tamb\u00e9m ser\u00e3o feitos reparos em locais pr\u00f3ximos \u00e0 queda do viaduto, como escadas e tesourinhas.<\/p>\n<p>Segundo o administrador de Bras\u00edlia, Gustavo Carvalho Amaral, no caso das lojas da galeria que precisarem de reparos, ser\u00e3o feitas notifica\u00e7\u00f5es aos lojistas com remanejamento. \u201cO objetivo \u00e9 \u00e9 realocar os lojistas na parte superior para que n\u00e3o tenham preju\u00edzo\u201d, disse. Os lojistas pagam taxa pelo uso da \u00e1rea p\u00fablica.<\/p>\n<p>Demoli\u00e7\u00e3o<\/p>\n<p>O bloco de concreto que caiu dever\u00e1 ser demolido neste final de semana, de madrugada, segundo o presidente da Novacap. Ap\u00f3s a demoli\u00e7\u00e3o, o material ser\u00e1 reciclado para ser transformado em meio-fio e tampas de boca de lobo. Menegotto explicou que a Novacap usa h\u00e1 cerca de seis meses m\u00e1quinas especiais para fazer a reciclagem de concreto, al\u00e9m de coleta de \u00e1gua da chuva para esse trabalho. \u201cVamos triturar e separar em tr\u00eas tipos de materiais. L\u00e1, ele vai virar meio-fio, tampa de boca de lobo\u201d.<\/p>\n<p>Edi\u00e7\u00e3o: Gra\u00e7a Adjuto<\/p>\n","protected":false},"excerpt":{"rendered":"<p>A Galeria dos Estados, regi\u00e3o do desabamento de parte de um viaduto em Bras\u00edlia, come\u00e7ou hoje (24) a passar por limpeza, verifica\u00e7\u00e3o do sistema de drenagem, retirada de infiltra\u00e7\u00f5es e restaura\u00e7\u00e3o da laje do forro. O trabalho est\u00e1 sendo feito pela Companhia Urbanizadora da Nova Capital do Brasil (Novacap) neste final de semana, com interdi\u00e7\u00e3o &hellip;<\/p>\n","protected":false},"author":2,"featured_media":25032,"comment_status":"open","ping_status":"open","sticky":false,"template":"","format":"standard","meta":{"footnotes":""},"categories":[4],"tags":[],"class_list":["post-25607","post","type-post","status-publish","format-standard","has-post-thumbnail","hentry","category-ultimas-noticias"],"_links":{"self":[{"href":"https:\/\/goiasemtempo.com.br\/home\/wp-json\/wp\/v2\/posts\/25607","targetHints":{"allow":["GET"]}}],"collection":[{"href":"https:\/\/goiasemtempo.com.br\/home\/wp-json\/wp\/v2\/posts"}],"about":[{"href":"https:\/\/goiasemtempo.com.br\/home\/wp-json\/wp\/v2\/types\/post"}],"author":[{"embeddable":true,"href":"https:\/\/goiasemtempo.com.br\/home\/wp-json\/wp\/v2\/users\/2"}],"replies":[{"embeddable":true,"href":"https:\/\/goiasemtempo.com.br\/home\/wp-json\/wp\/v2\/comments?post=25607"}],"version-history":[{"count":1,"href":"https:\/\/goiasemtempo.com.br\/home\/wp-json\/wp\/v2\/posts\/25607\/revisions"}],"predecessor-version":[{"id":25608,"href":"https:\/\/goiasemtempo.com.br\/home\/wp-json\/wp\/v2\/posts\/25607\/revisions\/25608"}],"wp:featuredmedia":[{"embeddable":true,"href":"https:\/\/goiasemtempo.com.br\/home\/wp-json\/wp\/v2\/media\/25032"}],"wp:attachment":[{"href":"https:\/\/goiasemtempo.com.br\/home\/wp-json\/wp\/v2\/media?parent=25607"}],"wp:term":[{"taxonomy":"category","embeddable":true,"href":"https:\/\/goiasemtempo.com.br\/home\/wp-json\/wp\/v2\/categories?post=25607"},{"taxonomy":"post_tag","embeddable":true,"href":"https:\/\/goiasemtempo.com.br\/home\/wp-json\/wp\/v2\/tags?post=25607"}],"curies":[{"name":"wp","href":"https:\/\/api.w.org\/{rel}","templated":true}]}}