{"id":25563,"date":"2018-02-26T03:46:18","date_gmt":"2018-02-26T03:46:18","guid":{"rendered":"https:\/\/goiasemtempo.com.br\/home\/?p=25563"},"modified":"2018-02-26T03:46:18","modified_gmt":"2018-02-26T03:46:18","slug":"estilista-italiano-antonio-marras-faz-homenagem-aos-imigrantes","status":"publish","type":"post","link":"https:\/\/goiasemtempo.com.br\/home\/estilista-italiano-antonio-marras-faz-homenagem-aos-imigrantes\/","title":{"rendered":"Estilista italiano Antonio Marras faz homenagem aos imigrantes"},"content":{"rendered":"<p>Conhecido por suas colabora\u00e7\u00f5es com o teatro e cinema, o estilista italiano Antonio Marras convidou o p\u00fablico nessa sexta-feira (23), durante a Semana de Moda de Mil\u00e3o, a fazer uma viagem imagin\u00e1ria em um transatl\u00e2ntico com imigrantes de ontem e hoje.<\/p>\n<p>A hist\u00f3ria, contada em um pequeno folheto distribu\u00eddo aos espectadores, com atores e bailarinas e uma trilha sonora de notas de piano, narra a vida de John Marras, um antepassado do estilista, que n\u00e3o se sabe se realmente existiu.<\/p>\n<p>Marras, que vive na ilha de Sardenha, quis fazer uma homenagem a todos os imigrantes, aqueles que partiram para os Estados Unidos no in\u00edcio do s\u00e9culo XX, muitos deles italianos, assim como os que chegam hoje \u00e0 Europa.<\/p>\n<p>Alguns modelos desfilaram usando apenas cuecas, lembrando os homens que deixaram tudo para atravessar o mar e alcan\u00e7ar seu sonho de ter uma vida melhor.<\/p>\n<p>Na primeira classe viajavam homens de neg\u00f3cios elegantes e nobres cobertas de joias, na segunda classe comerciantes e mulheres em busca do pr\u00edncipe encantado e na terceira era penas dor e ang\u00fastia, diz o estilista.<\/p>\n<p>Para narrar esses mundos, o estilista prop\u00f5e uma cole\u00e7\u00e3o ecl\u00e9tica, com jaquetas masculinas elegantes, algumas com estampa Pr\u00edncipe de Gales, e mulheres vestidas com rendas, joias, p\u00e9rolas e tule.<\/p>\n<p>Tudo \u00e9 impec\u00e1vel, rigoroso e elegante nesses viajantes que partem para novos destinos e sonhos.<\/p>\n<p>&#8211; Um toque de Cavalli &#8211;<\/p>\n<p>A nova cole\u00e7\u00e3o outono\/inverno da marca Cavalli, do estilista ingl\u00eas Paul Surridge, teve um toque pessoal de seu fundador, Roberto Cavalli.<\/p>\n<p>O luxo sexy e bo\u00eamio, caracter\u00edstico da marca, foi interpretada pelo novo diretor criativo, que confessa se inspirar apenas nos arquivos e desenhos do fundador.<\/p>\n<p>A cole\u00e7\u00e3o questiona a no\u00e7\u00e3o do glamour moderno e o que isso significa, disse o estilista em entrevista \u00e0 AFP pouco antes do desfile.<\/p>\n<p>A confian\u00e7a em si mesmo \u00e9, para mim, a chave para conseguir uma atitude sexy, mas \u00e9 necess\u00e1rio se sentir feliz consigo mesmo. Sem isso, corre o risco de ser vulgar, disse.<\/p>\n<p>Surridge, inspirando-se em Cavalli, usou peles, estampas de animais, zebras, cal\u00e7as bordadas e casacos com um toque contempor\u00e2neo.<\/p>\n<p>Alguns looks s\u00e3o justos, mas sem cair na vulgaridade, j\u00e1 que s\u00e3o tamb\u00e9m muito urbanos.<\/p>\n<p>Para a cor, elemento principal no vocabul\u00e1rio de Roberto Cavalli, me inspirei nos vidros de Murano, diz Surridge, que prop\u00f5e roxos, vermelhos e azuis.<\/p>\n","protected":false},"excerpt":{"rendered":"<p>Conhecido por suas colabora\u00e7\u00f5es com o teatro e cinema, o estilista italiano Antonio Marras convidou o p\u00fablico nessa sexta-feira (23), durante a Semana de Moda de Mil\u00e3o, a fazer uma viagem imagin\u00e1ria em um transatl\u00e2ntico com imigrantes de ontem e hoje. A hist\u00f3ria, contada em um pequeno folheto distribu\u00eddo aos espectadores, com atores e bailarinas &hellip;<\/p>\n","protected":false},"author":2,"featured_media":25010,"comment_status":"open","ping_status":"open","sticky":false,"template":"","format":"standard","meta":{"_exactmetrics_skip_tracking":false,"_exactmetrics_sitenote_active":false,"_exactmetrics_sitenote_note":"","_exactmetrics_sitenote_category":0,"footnotes":""},"categories":[4],"tags":[],"_links":{"self":[{"href":"https:\/\/goiasemtempo.com.br\/home\/wp-json\/wp\/v2\/posts\/25563"}],"collection":[{"href":"https:\/\/goiasemtempo.com.br\/home\/wp-json\/wp\/v2\/posts"}],"about":[{"href":"https:\/\/goiasemtempo.com.br\/home\/wp-json\/wp\/v2\/types\/post"}],"author":[{"embeddable":true,"href":"https:\/\/goiasemtempo.com.br\/home\/wp-json\/wp\/v2\/users\/2"}],"replies":[{"embeddable":true,"href":"https:\/\/goiasemtempo.com.br\/home\/wp-json\/wp\/v2\/comments?post=25563"}],"version-history":[{"count":1,"href":"https:\/\/goiasemtempo.com.br\/home\/wp-json\/wp\/v2\/posts\/25563\/revisions"}],"predecessor-version":[{"id":25564,"href":"https:\/\/goiasemtempo.com.br\/home\/wp-json\/wp\/v2\/posts\/25563\/revisions\/25564"}],"wp:featuredmedia":[{"embeddable":true,"href":"https:\/\/goiasemtempo.com.br\/home\/wp-json\/wp\/v2\/media\/25010"}],"wp:attachment":[{"href":"https:\/\/goiasemtempo.com.br\/home\/wp-json\/wp\/v2\/media?parent=25563"}],"wp:term":[{"taxonomy":"category","embeddable":true,"href":"https:\/\/goiasemtempo.com.br\/home\/wp-json\/wp\/v2\/categories?post=25563"},{"taxonomy":"post_tag","embeddable":true,"href":"https:\/\/goiasemtempo.com.br\/home\/wp-json\/wp\/v2\/tags?post=25563"}],"curies":[{"name":"wp","href":"https:\/\/api.w.org\/{rel}","templated":true}]}}