{"id":25531,"date":"2018-02-26T03:36:18","date_gmt":"2018-02-26T03:36:18","guid":{"rendered":"https:\/\/goiasemtempo.com.br\/home\/?p=25531"},"modified":"2018-02-26T03:36:18","modified_gmt":"2018-02-26T03:36:18","slug":"uniao-europeia-pede-tregua-na-siria","status":"publish","type":"post","link":"https:\/\/goiasemtempo.com.br\/home\/uniao-europeia-pede-tregua-na-siria\/","title":{"rendered":"Uni\u00e3o Europeia pede tr\u00e9gua na S\u00edria"},"content":{"rendered":"<p>A Uni\u00e3o Europeia pediu nesta sexta-feira (23) uma tr\u00e9gua na S\u00edria, com os dirigentes de Fran\u00e7a e Alemanha solicitando em uma carta comum ao seu par russo, Vladimir Putin, apoio a uma resolu\u00e7\u00e3o do Conselho de Seguran\u00e7a da ONU nesta linha.<\/p>\n<p>O governo de (Bashar al) Assad ataca brutalmente homens, mulheres e crian\u00e7as inocentes. Seus aliados &#8211; R\u00fassia e Ir\u00e3 &#8211; lhe deixam agir. Urgimos que fa\u00e7am essa viol\u00eancia parar. A UE pede um cessar-fogo imediato, disse o presidente do Conselho Europeu, Donald Tusk, ao fim de uma reuni\u00e3o de l\u00edderes em Bruxelas.<\/p>\n<p>As declara\u00e7\u00f5es s\u00e3o feitas quando o Conselho de Seguran\u00e7a da ONU debate uma resolu\u00e7\u00e3o sobre o cessar-fogo de 30 dias na S\u00edria, que busca submeter \u00e0 vota\u00e7\u00e3o e para a qual a R\u00fassia, que tem direito de veto, \u00e9 fundamental.<\/p>\n<p>Dada a continua\u00e7\u00e3o da luta contra os extremistas do grupo Estado Isl\u00e2mico (EI) na S\u00edria, o que torna muito delicada uma tr\u00e9gua em todo o pa\u00eds, Fran\u00e7a e Alemanha concentraram seus esfor\u00e7os em um cessar-fogo no reduto rebelde da Ghuta Oriental, indicou o presidente franc\u00eas, Emmanuel Macron.<\/p>\n<p>O objetivo \u00e9 conseguir a entrada de ajuda humanit\u00e1ria e evacua\u00e7\u00f5es m\u00e9dicas nesta regi\u00e3o pr\u00f3xima a Damasco, onde mais de 400 civis, incluindo crian\u00e7as, foram mortos desde domingo em bombardeios e disparos de artilharia do Ex\u00e9rcito s\u00edrio.<\/p>\n<p>A Fran\u00e7a tamb\u00e9m est\u00e1 disposta a receber os evacuados. A Fran\u00e7a trabalha com o Comit\u00ea Internacional da Cruz Vermelha (CICV) e est\u00e1 disposta a receber todas as pessoas evacuadas desse cen\u00e1rio de conflito, afirmou Macron.<\/p>\n<p>O massacre deve cessar imediatamente, afirmou Federica Mogherini, chefe da diplomacia europeia, em um comunicado. Ela enfatizou que a UE n\u00e3o tem palavras para descrever o horror vivido pelos habitantes de Ghuta Oriental.<\/p>\n","protected":false},"excerpt":{"rendered":"<p>A Uni\u00e3o Europeia pediu nesta sexta-feira (23) uma tr\u00e9gua na S\u00edria, com os dirigentes de Fran\u00e7a e Alemanha solicitando em uma carta comum ao seu par russo, Vladimir Putin, apoio a uma resolu\u00e7\u00e3o do Conselho de Seguran\u00e7a da ONU nesta linha. O governo de (Bashar al) Assad ataca brutalmente homens, mulheres e crian\u00e7as inocentes. Seus &hellip;<\/p>\n","protected":false},"author":2,"featured_media":24994,"comment_status":"open","ping_status":"open","sticky":false,"template":"","format":"standard","meta":{"_exactmetrics_skip_tracking":false,"_exactmetrics_sitenote_active":false,"_exactmetrics_sitenote_note":"","_exactmetrics_sitenote_category":0,"footnotes":""},"categories":[4],"tags":[],"_links":{"self":[{"href":"https:\/\/goiasemtempo.com.br\/home\/wp-json\/wp\/v2\/posts\/25531"}],"collection":[{"href":"https:\/\/goiasemtempo.com.br\/home\/wp-json\/wp\/v2\/posts"}],"about":[{"href":"https:\/\/goiasemtempo.com.br\/home\/wp-json\/wp\/v2\/types\/post"}],"author":[{"embeddable":true,"href":"https:\/\/goiasemtempo.com.br\/home\/wp-json\/wp\/v2\/users\/2"}],"replies":[{"embeddable":true,"href":"https:\/\/goiasemtempo.com.br\/home\/wp-json\/wp\/v2\/comments?post=25531"}],"version-history":[{"count":1,"href":"https:\/\/goiasemtempo.com.br\/home\/wp-json\/wp\/v2\/posts\/25531\/revisions"}],"predecessor-version":[{"id":25532,"href":"https:\/\/goiasemtempo.com.br\/home\/wp-json\/wp\/v2\/posts\/25531\/revisions\/25532"}],"wp:featuredmedia":[{"embeddable":true,"href":"https:\/\/goiasemtempo.com.br\/home\/wp-json\/wp\/v2\/media\/24994"}],"wp:attachment":[{"href":"https:\/\/goiasemtempo.com.br\/home\/wp-json\/wp\/v2\/media?parent=25531"}],"wp:term":[{"taxonomy":"category","embeddable":true,"href":"https:\/\/goiasemtempo.com.br\/home\/wp-json\/wp\/v2\/categories?post=25531"},{"taxonomy":"post_tag","embeddable":true,"href":"https:\/\/goiasemtempo.com.br\/home\/wp-json\/wp\/v2\/tags?post=25531"}],"curies":[{"name":"wp","href":"https:\/\/api.w.org\/{rel}","templated":true}]}}