{"id":25492,"date":"2018-02-26T03:25:05","date_gmt":"2018-02-26T03:25:05","guid":{"rendered":"https:\/\/goiasemtempo.com.br\/home\/?p=25492"},"modified":"2018-02-26T03:25:05","modified_gmt":"2018-02-26T03:25:05","slug":"turquia-considera-preocupante-transferencia-da-embaixada-americana-a-jerusalem","status":"publish","type":"post","link":"https:\/\/goiasemtempo.com.br\/home\/turquia-considera-preocupante-transferencia-da-embaixada-americana-a-jerusalem\/","title":{"rendered":"Turquia considera preocupante transfer\u00eancia da embaixada americana a Jerusal\u00e9m"},"content":{"rendered":"<p>A Turquia considerou neste s\u00e1bado extremamente preocupante a decis\u00e3o anunciada na sexta-feira pelo governo dos Estados Unidos de transferir em maio sua embaixada em Israel de Tel Aviv a Jerusal\u00e9m, acusando a Washington de abalar as esperan\u00e7as de paz.<\/p>\n<p>Em rea\u00e7\u00e3o a esta decis\u00e3o extremamente preocupante dos Estados Unidos, a Turquia continuar\u00e1, ao lado da maioria da comunidade internacional, defendendo os direitos leg\u00edtimos dos palestinos, afirmou o minist\u00e9rio turco das Rela\u00e7\u00f5es Exteriores.<\/p>\n<p>A decis\u00e3o ilustra a insist\u00eancia (do governo dos Estados Unidos) em demolir as condi\u00e7\u00f5es para a paz, pisando no direito internacional, nas resolu\u00e7\u00f5es do Conselho de Seguran\u00e7a das Na\u00e7\u00f5es Unidas sobre Jerusal\u00e9m, acrescentou o minist\u00e9rio em um comunicado.<\/p>\n<p>O presidente Donald Trump anunciou em dezembro a decis\u00e3o de transferir para Jerusal\u00e9m a embaixada americana em Israel. O Departamento de Estado afirmou na sexta-feira que a mudan\u00e7a acontecer\u00e1 em maio, por ocasi\u00e3o do 70\u00ba anivers\u00e1rio da cria\u00e7\u00e3o do Estado Israel.<\/p>\n<p>Ap\u00f3s o an\u00fancio de dezembro, o presidente turco, Recep Tayyip Erdogan, assumiu a lideran\u00e7a dos protestos mu\u00e7ulmanos e organizou uma reuni\u00e3o de c\u00fapula em Istambul na qual a principal organiza\u00e7\u00e3o pan-isl\u00e2mica internacional proclamou Jerusal\u00e9m Oriental capital do Estado palestino.<\/p>\n<p>Jerusal\u00e9m \u00e9 uma das quest\u00f5es mais espinhosas do conflito entre palestinos e israelenses.<\/p>\n<p>Os palestinos reivindicam Jerusal\u00e9m Oriental, anexada por Israel, como a capital do Estado a que aspiram. As embaixadas estrangeiras em Israel ficam em Tel Aviv, e n\u00e3o em Jerusal\u00e9m.<\/p>\n<p>A cr\u00edtica de Ancara acontece no momento em que as rela\u00e7\u00f5es entre Estados Unidos e Turquia passam por um momento de tens\u00e3o, sobretudo pelas diverg\u00eancias a respeito da S\u00edria.<\/p>\n<p>Al\u00e9m disso, Ancara mant\u00e9m uma rela\u00e7\u00e3o delicada com Israel. Embora tenham anunciado em 2016 um acordo de normaliza\u00e7\u00e3o das rela\u00e7\u00f5es, a Turquia critica com regularidade a pol\u00edtica israelense.<\/p>\n","protected":false},"excerpt":{"rendered":"<p>A Turquia considerou neste s\u00e1bado extremamente preocupante a decis\u00e3o anunciada na sexta-feira pelo governo dos Estados Unidos de transferir em maio sua embaixada em Israel de Tel Aviv a Jerusal\u00e9m, acusando a Washington de abalar as esperan\u00e7as de paz. Em rea\u00e7\u00e3o a esta decis\u00e3o extremamente preocupante dos Estados Unidos, a Turquia continuar\u00e1, ao lado da &hellip;<\/p>\n","protected":false},"author":2,"featured_media":24976,"comment_status":"open","ping_status":"open","sticky":false,"template":"","format":"standard","meta":{"footnotes":""},"categories":[4],"tags":[],"class_list":["post-25492","post","type-post","status-publish","format-standard","has-post-thumbnail","hentry","category-ultimas-noticias"],"_links":{"self":[{"href":"https:\/\/goiasemtempo.com.br\/home\/wp-json\/wp\/v2\/posts\/25492","targetHints":{"allow":["GET"]}}],"collection":[{"href":"https:\/\/goiasemtempo.com.br\/home\/wp-json\/wp\/v2\/posts"}],"about":[{"href":"https:\/\/goiasemtempo.com.br\/home\/wp-json\/wp\/v2\/types\/post"}],"author":[{"embeddable":true,"href":"https:\/\/goiasemtempo.com.br\/home\/wp-json\/wp\/v2\/users\/2"}],"replies":[{"embeddable":true,"href":"https:\/\/goiasemtempo.com.br\/home\/wp-json\/wp\/v2\/comments?post=25492"}],"version-history":[{"count":1,"href":"https:\/\/goiasemtempo.com.br\/home\/wp-json\/wp\/v2\/posts\/25492\/revisions"}],"predecessor-version":[{"id":25493,"href":"https:\/\/goiasemtempo.com.br\/home\/wp-json\/wp\/v2\/posts\/25492\/revisions\/25493"}],"wp:featuredmedia":[{"embeddable":true,"href":"https:\/\/goiasemtempo.com.br\/home\/wp-json\/wp\/v2\/media\/24976"}],"wp:attachment":[{"href":"https:\/\/goiasemtempo.com.br\/home\/wp-json\/wp\/v2\/media?parent=25492"}],"wp:term":[{"taxonomy":"category","embeddable":true,"href":"https:\/\/goiasemtempo.com.br\/home\/wp-json\/wp\/v2\/categories?post=25492"},{"taxonomy":"post_tag","embeddable":true,"href":"https:\/\/goiasemtempo.com.br\/home\/wp-json\/wp\/v2\/tags?post=25492"}],"curies":[{"name":"wp","href":"https:\/\/api.w.org\/{rel}","templated":true}]}}