{"id":25461,"date":"2018-02-26T03:15:43","date_gmt":"2018-02-26T03:15:43","guid":{"rendered":"https:\/\/goiasemtempo.com.br\/home\/?p=25461"},"modified":"2018-02-26T03:15:43","modified_gmt":"2018-02-26T03:15:43","slug":"setor-de-telefonia-e-recordista-de-reclamacoes-no-procon-em-minas","status":"publish","type":"post","link":"https:\/\/goiasemtempo.com.br\/home\/setor-de-telefonia-e-recordista-de-reclamacoes-no-procon-em-minas\/","title":{"rendered":"Setor de telefonia \u00e9 recordista de reclama\u00e7\u00f5es no Procon em Minas"},"content":{"rendered":"<p>O Procon da Assembleia Legislativa de Minas Gerais (ALMG) registrou, ao longo do ano de 2017, um total de 8.027 reclama\u00e7\u00f5es. Destas, mais de 15% s\u00e3o do setor de telefonia celular e fixa. O segmento mant\u00e9m, desde 2013, a lideran\u00e7a do ranking. Em seguida, vem o setor de combo (telefone, TV e internet) e queixas de cart\u00e3o de cr\u00e9dito. Segundo o Procon, mais de 86% das reclama\u00e7\u00f5es foram solucionadas.<\/p>\n<p>Em 2017, 58,1% das reclama\u00e7\u00f5es contra as empresas de telecomunica\u00e7\u00f5es tratavam de valores cobrados em conta n\u00e3o reconhecidos pelo consumidor. Entretanto, no balan\u00e7o anual do ano passado, o que mais chamou a aten\u00e7\u00e3o foi o aumento de 34,6% do n\u00famero de queixas referentes a empr\u00e9stimos pessoal e consignado, em rela\u00e7\u00e3o a 2016. Foi um total de 556 queixas.<\/p>\n<p>De acordo com o balan\u00e7o, em muitos casos, a somat\u00f3ria dos empr\u00e9stimos adquiridos em um ou mais institui\u00e7\u00f5es financeiras comprometia a maior parte do rendimento mensal do reclamante. Esse dado indica que os consumidores ainda t\u00eam pouca educa\u00e7\u00e3o financeira.<\/p>\n<p>Segundo o coordenador do Procon Assembleia, Marcelo Barbosa, os maiores respons\u00e1veis por esse superendividamento s\u00e3o os pr\u00f3prios bancos. \u201cAs institui\u00e7\u00f5es financeiras muitas vezes oferecem empr\u00e9stimos sem levar em conta a capacidade dos contratantes em honrar suas d\u00edvidas. Trata-se de uma atitude irrespons\u00e1vel que leva in\u00fameras pessoas ao desespero\u201d, diz.<\/p>\n<p>Veja a tabela:<\/p>\n<p>Telefonia celular e fixa &#8211; 1.265 reclama\u00e7\u00f5es<br \/>\nCombo (telefonia, TV por assinatura e internet) &#8211; 1.029 reclama\u00e7\u00f5es<br \/>\nCart\u00e3o de cr\u00e9dito (incluindo acordos) &#8211; 766 reclama\u00e7\u00f5es<br \/>\nEmpr\u00e9stimos consignado e pessoal &#8211; 556 reclama\u00e7\u00f5es<br \/>\nEletrodom\u00e9sticos e eletroeletr\u00f4nicos &#8211; 491 reclama\u00e7\u00f5es<br \/>\nAparelhos telef\u00f4nicos &#8211; 404 reclama\u00e7\u00f5es<br \/>\nEstabelecimentos de ensino\/CFC, cursos, pr\u00e9-vestibular &#8211; 212 reclama\u00e7\u00f5es<br \/>\nTV por assinatura &#8211; 187 reclama\u00e7\u00f5es<br \/>\nM\u00f3veis, arm\u00e1rios e cozinhas planejadas &#8211; 169 reclama\u00e7\u00f5es<br \/>\nFinanciamento de ve\u00edculo &#8211; 145 reclama\u00e7\u00f5es<\/p>\n","protected":false},"excerpt":{"rendered":"<p>O Procon da Assembleia Legislativa de Minas Gerais (ALMG) registrou, ao longo do ano de 2017, um total de 8.027 reclama\u00e7\u00f5es. Destas, mais de 15% s\u00e3o do setor de telefonia celular e fixa. O segmento mant\u00e9m, desde 2013, a lideran\u00e7a do ranking. Em seguida, vem o setor de combo (telefone, TV e internet) e queixas &hellip;<\/p>\n","protected":false},"author":2,"featured_media":24961,"comment_status":"open","ping_status":"open","sticky":false,"template":"","format":"standard","meta":{"footnotes":""},"categories":[4],"tags":[],"class_list":["post-25461","post","type-post","status-publish","format-standard","has-post-thumbnail","hentry","category-ultimas-noticias"],"_links":{"self":[{"href":"https:\/\/goiasemtempo.com.br\/home\/wp-json\/wp\/v2\/posts\/25461","targetHints":{"allow":["GET"]}}],"collection":[{"href":"https:\/\/goiasemtempo.com.br\/home\/wp-json\/wp\/v2\/posts"}],"about":[{"href":"https:\/\/goiasemtempo.com.br\/home\/wp-json\/wp\/v2\/types\/post"}],"author":[{"embeddable":true,"href":"https:\/\/goiasemtempo.com.br\/home\/wp-json\/wp\/v2\/users\/2"}],"replies":[{"embeddable":true,"href":"https:\/\/goiasemtempo.com.br\/home\/wp-json\/wp\/v2\/comments?post=25461"}],"version-history":[{"count":1,"href":"https:\/\/goiasemtempo.com.br\/home\/wp-json\/wp\/v2\/posts\/25461\/revisions"}],"predecessor-version":[{"id":25462,"href":"https:\/\/goiasemtempo.com.br\/home\/wp-json\/wp\/v2\/posts\/25461\/revisions\/25462"}],"wp:featuredmedia":[{"embeddable":true,"href":"https:\/\/goiasemtempo.com.br\/home\/wp-json\/wp\/v2\/media\/24961"}],"wp:attachment":[{"href":"https:\/\/goiasemtempo.com.br\/home\/wp-json\/wp\/v2\/media?parent=25461"}],"wp:term":[{"taxonomy":"category","embeddable":true,"href":"https:\/\/goiasemtempo.com.br\/home\/wp-json\/wp\/v2\/categories?post=25461"},{"taxonomy":"post_tag","embeddable":true,"href":"https:\/\/goiasemtempo.com.br\/home\/wp-json\/wp\/v2\/tags?post=25461"}],"curies":[{"name":"wp","href":"https:\/\/api.w.org\/{rel}","templated":true}]}}