{"id":25401,"date":"2018-02-26T02:57:01","date_gmt":"2018-02-26T02:57:01","guid":{"rendered":"https:\/\/goiasemtempo.com.br\/home\/?p=25401"},"modified":"2018-02-26T02:57:01","modified_gmt":"2018-02-26T02:57:01","slug":"pais-tem-2786-milhoes-de-pessoas-buscando-trabalho-ha-2-anos-ou-mais","status":"publish","type":"post","link":"https:\/\/goiasemtempo.com.br\/home\/pais-tem-2786-milhoes-de-pessoas-buscando-trabalho-ha-2-anos-ou-mais\/","title":{"rendered":"Pa\u00eds tem 2,786 milh\u00f5es de pessoas buscando trabalho h\u00e1 2 anos ou mais"},"content":{"rendered":"<p>No quarto trimestre de 2017, o Pa\u00eds tinha 2,786 milh\u00f5es de pessoas buscando trabalho h\u00e1 pelo menos dois anos, segundo os dados da Pesquisa Nacional por Amostra de Domic\u00edlios Cont\u00ednua (Pnad Cont\u00ednua) divulgados nesta sexta-feira, 23, pelo Instituto Brasileiro de Geografia e Estat\u00edstica (IBGE).<\/p>\n<p>O montante equivale a um aumento de 13,5% nesse contingente de desempregados de longa data, em rela\u00e7\u00e3o ao mesmo trimestre do ano anterior.<\/p>\n<p>Aumentou de forma bastante expressiva, reconheceu Cimar Azeredo, coordenador de Trabalho e Rendimento do IBGE. A crise est\u00e1 fazendo a busca por emprego durar mais, completou.<\/p>\n<p>Outras 2,243 milh\u00f5es de pessoas buscavam emprego h\u00e1 pelo menos um ano, mas por menos que dois anos. Entre os desempregados mais recentes, 1,520 milh\u00e3o de pessoas buscavam emprego h\u00e1 menos um m\u00eas e mais 5,761 milh\u00f5es estavam na fila por uma vaga entre um m\u00eas a menos de um ano.<\/p>\n<p>Brancos, pretos e pardos<\/p>\n<p>A taxa de desocupa\u00e7\u00e3o ainda \u00e9 muito mais elevada entre pretos e pardos do que entre brancos, de acordo com dados da Pnad Cont\u00ednua divulgados pelo IBGE. No quarto trimestre de 2017, a taxa de desemprego ficou em 9,5% entre os brancos, resultado inferior \u00e0 taxa de 14,5% registrada entre pretos e de 13,6% entre os pardos.<\/p>\n<p>Cinco anos antes, no quarto trimestre de 2012, quando a taxa de desemprego m\u00e9dia estava estimada em 6,9%, a dos pretos correspondia a 8,6%; a dos pardos, 8,1%; e a dos brancos, 5,4%.<\/p>\n<p>A pesquisa verificou um aumento na participa\u00e7\u00e3o de pretos entre a popula\u00e7\u00e3o desempregada de 2012 a 2017. O contingente dos desocupados no Brasil no quarto trimestre de 2012 foi estimado em 6,7 milh\u00f5es de pessoas. Os pardos representavam 52,4% desse total, seguido dos brancos (37,5%) e dos pretos (9,6%).<\/p>\n<p>No quarto trimestre de 2017, a popula\u00e7\u00e3o desempregada subiu para 12,3 milh\u00f5es de pessoas. A participa\u00e7\u00e3o dos pardos passou a 51,9%, enquanto a dos brancos reduziu para 35,6% e a dos pretos subiu a 11,9%.<\/p>\n<p>O IBGE ressalta, por\u00e9m, que houve tend\u00eancia de queda da propor\u00e7\u00e3o de pessoas que se declaravam brancas e aumento das que se diziam pretas e pardas no mesmo per\u00edodo.<\/p>\n","protected":false},"excerpt":{"rendered":"<p>No quarto trimestre de 2017, o Pa\u00eds tinha 2,786 milh\u00f5es de pessoas buscando trabalho h\u00e1 pelo menos dois anos, segundo os dados da Pesquisa Nacional por Amostra de Domic\u00edlios Cont\u00ednua (Pnad Cont\u00ednua) divulgados nesta sexta-feira, 23, pelo Instituto Brasileiro de Geografia e Estat\u00edstica (IBGE). O montante equivale a um aumento de 13,5% nesse contingente de &hellip;<\/p>\n","protected":false},"author":2,"featured_media":24931,"comment_status":"open","ping_status":"open","sticky":false,"template":"","format":"standard","meta":{"footnotes":""},"categories":[4],"tags":[],"class_list":["post-25401","post","type-post","status-publish","format-standard","has-post-thumbnail","hentry","category-ultimas-noticias"],"_links":{"self":[{"href":"https:\/\/goiasemtempo.com.br\/home\/wp-json\/wp\/v2\/posts\/25401","targetHints":{"allow":["GET"]}}],"collection":[{"href":"https:\/\/goiasemtempo.com.br\/home\/wp-json\/wp\/v2\/posts"}],"about":[{"href":"https:\/\/goiasemtempo.com.br\/home\/wp-json\/wp\/v2\/types\/post"}],"author":[{"embeddable":true,"href":"https:\/\/goiasemtempo.com.br\/home\/wp-json\/wp\/v2\/users\/2"}],"replies":[{"embeddable":true,"href":"https:\/\/goiasemtempo.com.br\/home\/wp-json\/wp\/v2\/comments?post=25401"}],"version-history":[{"count":1,"href":"https:\/\/goiasemtempo.com.br\/home\/wp-json\/wp\/v2\/posts\/25401\/revisions"}],"predecessor-version":[{"id":25402,"href":"https:\/\/goiasemtempo.com.br\/home\/wp-json\/wp\/v2\/posts\/25401\/revisions\/25402"}],"wp:featuredmedia":[{"embeddable":true,"href":"https:\/\/goiasemtempo.com.br\/home\/wp-json\/wp\/v2\/media\/24931"}],"wp:attachment":[{"href":"https:\/\/goiasemtempo.com.br\/home\/wp-json\/wp\/v2\/media?parent=25401"}],"wp:term":[{"taxonomy":"category","embeddable":true,"href":"https:\/\/goiasemtempo.com.br\/home\/wp-json\/wp\/v2\/categories?post=25401"},{"taxonomy":"post_tag","embeddable":true,"href":"https:\/\/goiasemtempo.com.br\/home\/wp-json\/wp\/v2\/tags?post=25401"}],"curies":[{"name":"wp","href":"https:\/\/api.w.org\/{rel}","templated":true}]}}