{"id":25381,"date":"2018-02-26T02:51:24","date_gmt":"2018-02-26T02:51:24","guid":{"rendered":"https:\/\/goiasemtempo.com.br\/home\/?p=25381"},"modified":"2018-02-26T02:51:24","modified_gmt":"2018-02-26T02:51:24","slug":"exercito-permanecera-fora-das-ruas-ate-que-intervencao-seja-aprovada","status":"publish","type":"post","link":"https:\/\/goiasemtempo.com.br\/home\/exercito-permanecera-fora-das-ruas-ate-que-intervencao-seja-aprovada\/","title":{"rendered":"Ex\u00e9rcito permanecer\u00e1 fora das ruas at\u00e9 que interven\u00e7\u00e3o seja aprovada"},"content":{"rendered":"<p>O Ex\u00e9rcito n\u00e3o ser\u00e1 visto nas ruas do Rio at\u00e9 que o decreto da interven\u00e7\u00e3o federal na Seguran\u00e7a P\u00fablica do Estado do Rio seja votado na C\u00e2mara e no Senado. A aprova\u00e7\u00e3o do decreto \u00e9 esperada at\u00e9 a pr\u00f3xima ter\u00e7a-feira (20), segundo o Comando Militar do Leste (CML). O coronel Carlos Frederico Cinelli, respons\u00e1vel pela comunica\u00e7\u00e3o do CML, informou que, at\u00e9 l\u00e1, os militares aguardam os detalhes de como a interven\u00e7\u00e3o acontecer\u00e1 e seguem em fase de planejamento interno.<\/p>\n<p>O momento \u00e9 de an\u00e1lise e acompanhamento de cen\u00e1rio, de acordo com o militar. Em seguida, as medidas previamente estudadas ser\u00e3o adaptadas ao decreto aprovado no Congresso. Cinelli afirma que o ex\u00e9rcito est\u00e1 permanentemente em estado de planejamento e que nenhuma atividade diferente da rotineiramente adotada foi pensada at\u00e9 agora.<\/p>\n<p>Por enquanto, \u00e9 previsto que a interven\u00e7\u00e3o contar\u00e1 com o efetivo j\u00e1 presente no Rio. Mas, dependendo do modelo de interven\u00e7\u00e3o aprovado, militares de outros Estados poder\u00e3o ser convocados.<\/p>\n<p>Na manh\u00e3 deste domingo (18), de 8h \u00e0s 9h, as for\u00e7as armadas participaram de um evento que acontece simultaneamente em 36 pa\u00edses &#8211; a Corrida pela Paz, em comemora\u00e7\u00e3o ao Dia Mundial do Desporto Militar. Participantes da corrida foram vistos em dois pontos da cidade &#8211; em Copacabana, na zona sul, e em Deodoro, na zona norte &#8211; e no munic\u00edpio de Niter\u00f3i, na regi\u00e3o metropolitana.<\/p>\n<p>A presen\u00e7a desses militares pode ter chamado a aten\u00e7\u00e3o dos moradores e dado a impress\u00e3o de que a interven\u00e7\u00e3o j\u00e1 come\u00e7ou. Mas o evento j\u00e1 estava programado e n\u00e3o tem nada a ver com a interven\u00e7\u00e3o, disse Cinelli.<\/p>\n","protected":false},"excerpt":{"rendered":"<p>O Ex\u00e9rcito n\u00e3o ser\u00e1 visto nas ruas do Rio at\u00e9 que o decreto da interven\u00e7\u00e3o federal na Seguran\u00e7a P\u00fablica do Estado do Rio seja votado na C\u00e2mara e no Senado. A aprova\u00e7\u00e3o do decreto \u00e9 esperada at\u00e9 a pr\u00f3xima ter\u00e7a-feira (20), segundo o Comando Militar do Leste (CML). O coronel Carlos Frederico Cinelli, respons\u00e1vel pela &hellip;<\/p>\n","protected":false},"author":2,"featured_media":24922,"comment_status":"open","ping_status":"open","sticky":false,"template":"","format":"standard","meta":{"_exactmetrics_skip_tracking":false,"_exactmetrics_sitenote_active":false,"_exactmetrics_sitenote_note":"","_exactmetrics_sitenote_category":0,"footnotes":""},"categories":[4],"tags":[],"_links":{"self":[{"href":"https:\/\/goiasemtempo.com.br\/home\/wp-json\/wp\/v2\/posts\/25381"}],"collection":[{"href":"https:\/\/goiasemtempo.com.br\/home\/wp-json\/wp\/v2\/posts"}],"about":[{"href":"https:\/\/goiasemtempo.com.br\/home\/wp-json\/wp\/v2\/types\/post"}],"author":[{"embeddable":true,"href":"https:\/\/goiasemtempo.com.br\/home\/wp-json\/wp\/v2\/users\/2"}],"replies":[{"embeddable":true,"href":"https:\/\/goiasemtempo.com.br\/home\/wp-json\/wp\/v2\/comments?post=25381"}],"version-history":[{"count":1,"href":"https:\/\/goiasemtempo.com.br\/home\/wp-json\/wp\/v2\/posts\/25381\/revisions"}],"predecessor-version":[{"id":25382,"href":"https:\/\/goiasemtempo.com.br\/home\/wp-json\/wp\/v2\/posts\/25381\/revisions\/25382"}],"wp:featuredmedia":[{"embeddable":true,"href":"https:\/\/goiasemtempo.com.br\/home\/wp-json\/wp\/v2\/media\/24922"}],"wp:attachment":[{"href":"https:\/\/goiasemtempo.com.br\/home\/wp-json\/wp\/v2\/media?parent=25381"}],"wp:term":[{"taxonomy":"category","embeddable":true,"href":"https:\/\/goiasemtempo.com.br\/home\/wp-json\/wp\/v2\/categories?post=25381"},{"taxonomy":"post_tag","embeddable":true,"href":"https:\/\/goiasemtempo.com.br\/home\/wp-json\/wp\/v2\/tags?post=25381"}],"curies":[{"name":"wp","href":"https:\/\/api.w.org\/{rel}","templated":true}]}}