{"id":25158,"date":"2018-02-26T01:18:46","date_gmt":"2018-02-26T01:18:46","guid":{"rendered":"https:\/\/goiasemtempo.com.br\/home\/?p=25158"},"modified":"2018-02-26T01:18:46","modified_gmt":"2018-02-26T01:18:46","slug":"lider-do-pcc-assassinado-e-suspeito-de-participar-da-morte-de-gege","status":"publish","type":"post","link":"https:\/\/goiasemtempo.com.br\/home\/lider-do-pcc-assassinado-e-suspeito-de-participar-da-morte-de-gege\/","title":{"rendered":"L\u00edder do PCC assassinado \u00e9 suspeito de participar da morte de Geg\u00ea"},"content":{"rendered":"<p>O suposto l\u00edder do Primeiro Comando da Capital (PCC) na Baixada Santista, Wagner Ferreira da Silva, o Cabelo Duro, que foi assassinado nessa quinta-feira, 22, em S\u00e3o Paulo, era suspeito de participar dos assassinatos de Rog\u00e9rio Jeremias de Simone, o Geg\u00ea do Mangue, e Fabiano Alves de Souza, o Paca. A Justi\u00e7a do Cear\u00e1 havia expedido mandado de pris\u00e3o tempor\u00e1ria contra ele e outras cinco pessoas.<\/p>\n<p>As outras pessoas suspeitas s\u00e3o Francisco Cavalcante Cidro Filho, Jos\u00e9 Cavalcante Cidro, Samara Pinheiro de Carvalho, Magna Ene de Freitas e Felipe Ramos Morais. Este \u00faltimo \u00e9 apontado como o piloto do helic\u00f3ptero que levou Geg\u00ea e Paca para serem mortos em Lagoa Encantada, na reserva ind\u00edgena Jenipapo Kanind\u00e9, em Aquiraz, na Regi\u00e3o Metropolitana de Fortaleza.<\/p>\n<p>A ju\u00edza da 1\u00aa Vara da Comarca de Aquiraz afirma, na decis\u00e3o, tratar-se de representa\u00e7\u00e3o por pris\u00e3o tempor\u00e1ria, postulado pela autoridade policial da Delegacia de Representa\u00e7\u00e3o \u00e0s A\u00e7\u00f5es Criminosas, com objetivo de elucidar as circunst\u00e2ncias em que ocorreu o duplo homic\u00eddio.<\/p>\n<p>Cabelo Duro estava citado em bilhete apreendido pela Pol\u00edcia no domingo, 18, na Penitenci\u00e1ria 2 de Presidente Venceslau. Ele foi morto na noite dessa quinta, com tiros de fuzil, na frente do Blue Tree Towers, na zona leste de S\u00e3o Paulo.<\/p>\n<p>O bilhete, apreendido por agentes penitenci\u00e1rios com o parente de um preso, indica que Marcola, chefe do PCC, mandou matar Geg\u00ea e Paca, acusados de roubar R$ 20 milh\u00f5es da organiza\u00e7\u00e3o criminosa e comprar im\u00f3veis no Cear\u00e1 e fazendas na Bol\u00edvia. Segundo o bilhete, a opera\u00e7\u00e3o para matar os dois foi organizada por Gilberto Aparecido dos Santos, o Fuminho. Hoje s\u00f3cio de Marcola, ele era o gerente dos neg\u00f3cios do l\u00edder do PCC no Paraguai.<\/p>\n<p>Wagner \u00e9 citado duas vezes no bilhete: Ontem, fomos chamados em umas ideias, aonde nosso irm\u00e3o Cabelo Duro deixou nois ciente que o Fuminho mandou matar o GG e o Paka. Inclusive o irm\u00e3o Cabelo Duro e mais alguns irm\u00e3os s\u00e3o prova que os irm\u00e3os estavam roubando (sic). Ele foi assassinado horas depois de o bilhete ser divulgado.<\/p>\n<p>O piloto Felipe Ramos Morais j\u00e1 \u00e9 conhecido pela pol\u00edcia do Cear\u00e1. Em 2014, foi condenado \u00e0 pris\u00e3o por tr\u00e1fico internacional de drogas e associa\u00e7\u00e3o ao tr\u00e1fico depois de ser preso, em 2012, com um grupo que transportava 174,8 quilos de pasta-base de coca\u00edna vinda da Bol\u00edvia. A droga estava dentro de seis sacos de r\u00e1fia. Um dos r\u00e9us disse, na \u00e9poca, que Felipe e outros dois pilotos presos com ele receberiam R$ 700,00 por quilo transportado.<\/p>\n","protected":false},"excerpt":{"rendered":"<p>O suposto l\u00edder do Primeiro Comando da Capital (PCC) na Baixada Santista, Wagner Ferreira da Silva, o Cabelo Duro, que foi assassinado nessa quinta-feira, 22, em S\u00e3o Paulo, era suspeito de participar dos assassinatos de Rog\u00e9rio Jeremias de Simone, o Geg\u00ea do Mangue, e Fabiano Alves de Souza, o Paca. A Justi\u00e7a do Cear\u00e1 havia &hellip;<\/p>\n","protected":false},"author":2,"featured_media":24853,"comment_status":"open","ping_status":"open","sticky":false,"template":"","format":"standard","meta":{"_exactmetrics_skip_tracking":false,"_exactmetrics_sitenote_active":false,"_exactmetrics_sitenote_note":"","_exactmetrics_sitenote_category":0,"footnotes":""},"categories":[4],"tags":[],"_links":{"self":[{"href":"https:\/\/goiasemtempo.com.br\/home\/wp-json\/wp\/v2\/posts\/25158"}],"collection":[{"href":"https:\/\/goiasemtempo.com.br\/home\/wp-json\/wp\/v2\/posts"}],"about":[{"href":"https:\/\/goiasemtempo.com.br\/home\/wp-json\/wp\/v2\/types\/post"}],"author":[{"embeddable":true,"href":"https:\/\/goiasemtempo.com.br\/home\/wp-json\/wp\/v2\/users\/2"}],"replies":[{"embeddable":true,"href":"https:\/\/goiasemtempo.com.br\/home\/wp-json\/wp\/v2\/comments?post=25158"}],"version-history":[{"count":1,"href":"https:\/\/goiasemtempo.com.br\/home\/wp-json\/wp\/v2\/posts\/25158\/revisions"}],"predecessor-version":[{"id":25159,"href":"https:\/\/goiasemtempo.com.br\/home\/wp-json\/wp\/v2\/posts\/25158\/revisions\/25159"}],"wp:featuredmedia":[{"embeddable":true,"href":"https:\/\/goiasemtempo.com.br\/home\/wp-json\/wp\/v2\/media\/24853"}],"wp:attachment":[{"href":"https:\/\/goiasemtempo.com.br\/home\/wp-json\/wp\/v2\/media?parent=25158"}],"wp:term":[{"taxonomy":"category","embeddable":true,"href":"https:\/\/goiasemtempo.com.br\/home\/wp-json\/wp\/v2\/categories?post=25158"},{"taxonomy":"post_tag","embeddable":true,"href":"https:\/\/goiasemtempo.com.br\/home\/wp-json\/wp\/v2\/tags?post=25158"}],"curies":[{"name":"wp","href":"https:\/\/api.w.org\/{rel}","templated":true}]}}