{"id":25118,"date":"2018-02-26T01:08:48","date_gmt":"2018-02-26T01:08:48","guid":{"rendered":"https:\/\/goiasemtempo.com.br\/home\/?p=25118"},"modified":"2018-02-26T01:08:48","modified_gmt":"2018-02-26T01:08:48","slug":"menina-de-9-anos-escala-paredao-e-alerta-sobre-acidente-com-kombi-escolar-no-sul-de-mg","status":"publish","type":"post","link":"https:\/\/goiasemtempo.com.br\/home\/menina-de-9-anos-escala-paredao-e-alerta-sobre-acidente-com-kombi-escolar-no-sul-de-mg\/","title":{"rendered":"Menina de 9 anos escala pared\u00e3o e alerta sobre acidente com Kombi escolar no Sul de MG"},"content":{"rendered":"<p>A coragem e determina\u00e7\u00e3o de uma menina de 9 anos, Stephany, possibilitou que o r\u00e1pido socorro de mais 10 crian\u00e7as e dois adultos que estavam na Kombi escolar que na manh\u00e3 desta sexta-feira caiu num abismo com pelo menis 15 metros de profundidade e ficou presa na vegeta\u00e7\u00e3o, depois de tombar morro abaixo. O acidente foi em uma estrada na \u00e1rea rural de S\u00e3o Jo\u00e3o Batista do Gl\u00f3ria, no Sul de Minas, a 372 quil\u00f4metros da capital. A garotinha caminhou por cerca de quatro quil\u00f4metros at\u00e9 chegar  numa pousada.<\/p>\n<p>De acordo com funcion\u00e1rios do estabelecimento, mesmo ferida, a menina chegou no local e contou o ocorrido. Entre os hospedes, estavam um m\u00e9dico e um militar dos bombeiros de S\u00e3o Paulo. Rapidamente a PM da cidade foi acionada seguiram com viaturas e ambul\u00e2ncias para o local.<\/p>\n<p>Os militares, com ajuda de pessoas que passavam pela estrada, iniciaram os procedimentos para resgatar as v\u00edtimas, que foram levadas inicialmente para o hospital de S\u00e3o Jo\u00e3o. Stephany foi socorrida e pediu que tamb\u00e9m resgatassem suas duas irm\u00e3s que estavam na perua. Ela foi levada para a Santa Casa de Passos, cidade vizinha, onde foi submetida a cirurgia.<\/p>\n<p>Na unidade hospitalar est\u00e3o internadas 11 crian\u00e7as, com idade a partir de 5 anos, al\u00e9m do motorista. Tr\u00eas dos estudantes tiveram traumatismo craniano e passaram por procedimento cir\u00fargico, incluindo a menina Stephany, que estpa na unidade hospitalar acompanhada de sua av\u00f3 Maria Luiza da Silva.<\/p>\n","protected":false},"excerpt":{"rendered":"<p>A coragem e determina\u00e7\u00e3o de uma menina de 9 anos, Stephany, possibilitou que o r\u00e1pido socorro de mais 10 crian\u00e7as e dois adultos que estavam na Kombi escolar que na manh\u00e3 desta sexta-feira caiu num abismo com pelo menis 15 metros de profundidade e ficou presa na vegeta\u00e7\u00e3o, depois de tombar morro abaixo. O acidente &hellip;<\/p>\n","protected":false},"author":2,"featured_media":24833,"comment_status":"open","ping_status":"open","sticky":false,"template":"","format":"standard","meta":{"footnotes":""},"categories":[4],"tags":[],"class_list":["post-25118","post","type-post","status-publish","format-standard","has-post-thumbnail","hentry","category-ultimas-noticias"],"_links":{"self":[{"href":"https:\/\/goiasemtempo.com.br\/home\/wp-json\/wp\/v2\/posts\/25118","targetHints":{"allow":["GET"]}}],"collection":[{"href":"https:\/\/goiasemtempo.com.br\/home\/wp-json\/wp\/v2\/posts"}],"about":[{"href":"https:\/\/goiasemtempo.com.br\/home\/wp-json\/wp\/v2\/types\/post"}],"author":[{"embeddable":true,"href":"https:\/\/goiasemtempo.com.br\/home\/wp-json\/wp\/v2\/users\/2"}],"replies":[{"embeddable":true,"href":"https:\/\/goiasemtempo.com.br\/home\/wp-json\/wp\/v2\/comments?post=25118"}],"version-history":[{"count":1,"href":"https:\/\/goiasemtempo.com.br\/home\/wp-json\/wp\/v2\/posts\/25118\/revisions"}],"predecessor-version":[{"id":25119,"href":"https:\/\/goiasemtempo.com.br\/home\/wp-json\/wp\/v2\/posts\/25118\/revisions\/25119"}],"wp:featuredmedia":[{"embeddable":true,"href":"https:\/\/goiasemtempo.com.br\/home\/wp-json\/wp\/v2\/media\/24833"}],"wp:attachment":[{"href":"https:\/\/goiasemtempo.com.br\/home\/wp-json\/wp\/v2\/media?parent=25118"}],"wp:term":[{"taxonomy":"category","embeddable":true,"href":"https:\/\/goiasemtempo.com.br\/home\/wp-json\/wp\/v2\/categories?post=25118"},{"taxonomy":"post_tag","embeddable":true,"href":"https:\/\/goiasemtempo.com.br\/home\/wp-json\/wp\/v2\/tags?post=25118"}],"curies":[{"name":"wp","href":"https:\/\/api.w.org\/{rel}","templated":true}]}}