{"id":24654,"date":"2018-02-25T12:08:20","date_gmt":"2018-02-25T12:08:20","guid":{"rendered":"https:\/\/goiasemtempo.com.br\/home\/?p=24654"},"modified":"2018-02-25T12:08:20","modified_gmt":"2018-02-25T12:08:20","slug":"temer-adota-novo-criterio-para-indicacao-de-ministros-fidelidade","status":"publish","type":"post","link":"https:\/\/goiasemtempo.com.br\/home\/temer-adota-novo-criterio-para-indicacao-de-ministros-fidelidade\/","title":{"rendered":"Temer adota novo crit\u00e9rio para indica\u00e7\u00e3o de ministros: fidelidade"},"content":{"rendered":"<p><span class=\"news_capital_letter\">E<\/span>mbora n\u00e3o tenha confirmado oficialmente seu candidato \u00e0 Presid\u00eancia, o Planalto quer que os sucessores indicados por ministros ao longo da pr\u00f3xima reforma ministerial garantam apoio \u00e0 candidatura do governista. Segundo o blog do jornalista Gerson Camarotti, Michel Temer s\u00f3 avalizar\u00e1\u00a0as indica\u00e7\u00f5es diante desta condi\u00e7\u00e3o.<\/p>\n<div class=\"pub-container inside-news\"><\/div>\n<p>O presidente, bastante cotado para ser o candidato, n\u00e3o teria gostado do comportamento de partidos da base que sinalizaram apoio a\u00a0presidenci\u00e1veis\u00a0como o tucano Geraldo Alckmin, do PSDB, partido que apoia o Planalto em medidas reformistas mas que n\u00e3o est\u00e1 integralmente no &#8220;barco&#8221; do governo.\u00a0<em><strong>(Not\u00edcias ao Minuto)<\/strong><\/em><\/p>\n","protected":false},"excerpt":{"rendered":"<p>Embora n\u00e3o tenha confirmado oficialmente seu candidato \u00e0 Presid\u00eancia, o Planalto quer que os sucessores indicados por ministros ao longo da pr\u00f3xima reforma ministerial garantam apoio \u00e0 candidatura do governista. Segundo o blog do jornalista Gerson Camarotti, Michel Temer s\u00f3 avalizar\u00e1\u00a0as indica\u00e7\u00f5es diante desta condi\u00e7\u00e3o. O presidente, bastante cotado para ser o candidato, n\u00e3o teria &hellip;<\/p>\n","protected":false},"author":4,"featured_media":24655,"comment_status":"open","ping_status":"open","sticky":false,"template":"","format":"standard","meta":{"footnotes":""},"categories":[6,3],"tags":[],"class_list":["post-24654","post","type-post","status-publish","format-standard","has-post-thumbnail","hentry","category-brasil","category-nacional"],"_links":{"self":[{"href":"https:\/\/goiasemtempo.com.br\/home\/wp-json\/wp\/v2\/posts\/24654","targetHints":{"allow":["GET"]}}],"collection":[{"href":"https:\/\/goiasemtempo.com.br\/home\/wp-json\/wp\/v2\/posts"}],"about":[{"href":"https:\/\/goiasemtempo.com.br\/home\/wp-json\/wp\/v2\/types\/post"}],"author":[{"embeddable":true,"href":"https:\/\/goiasemtempo.com.br\/home\/wp-json\/wp\/v2\/users\/4"}],"replies":[{"embeddable":true,"href":"https:\/\/goiasemtempo.com.br\/home\/wp-json\/wp\/v2\/comments?post=24654"}],"version-history":[{"count":1,"href":"https:\/\/goiasemtempo.com.br\/home\/wp-json\/wp\/v2\/posts\/24654\/revisions"}],"predecessor-version":[{"id":24656,"href":"https:\/\/goiasemtempo.com.br\/home\/wp-json\/wp\/v2\/posts\/24654\/revisions\/24656"}],"wp:featuredmedia":[{"embeddable":true,"href":"https:\/\/goiasemtempo.com.br\/home\/wp-json\/wp\/v2\/media\/24655"}],"wp:attachment":[{"href":"https:\/\/goiasemtempo.com.br\/home\/wp-json\/wp\/v2\/media?parent=24654"}],"wp:term":[{"taxonomy":"category","embeddable":true,"href":"https:\/\/goiasemtempo.com.br\/home\/wp-json\/wp\/v2\/categories?post=24654"},{"taxonomy":"post_tag","embeddable":true,"href":"https:\/\/goiasemtempo.com.br\/home\/wp-json\/wp\/v2\/tags?post=24654"}],"curies":[{"name":"wp","href":"https:\/\/api.w.org\/{rel}","templated":true}]}}