{"id":24541,"date":"2018-02-24T14:44:27","date_gmt":"2018-02-24T14:44:27","guid":{"rendered":"https:\/\/goiasemtempo.com.br\/home\/?p=24541"},"modified":"2018-02-24T14:44:27","modified_gmt":"2018-02-24T14:44:27","slug":"para-ministro-moreira-franco-populacao-carioca-dara-apoio-a-intervencao","status":"publish","type":"post","link":"https:\/\/goiasemtempo.com.br\/home\/para-ministro-moreira-franco-populacao-carioca-dara-apoio-a-intervencao\/","title":{"rendered":"Para ministro Moreira Franco, popula\u00e7\u00e3o carioca dar\u00e1 apoio \u00e0 interven\u00e7\u00e3o"},"content":{"rendered":"<p>O ministro-chefe da Secretaria-Geral da Presid\u00eancia da Rep\u00fablica, Moreira Franco, disse acreditar que popula\u00e7\u00e3o do Rio de Janeiro dar\u00e1 apoio \u00e0 interven\u00e7\u00e3o militar no estado. Ele tamb\u00e9m afirmou que os integrantes do governo n\u00e3o t\u00eam interesse eleitoral na medida e que o presidente Michel Temer recomendou aos ministros da Fazenda, Henrique Meirelles, e do Planejamento, Dyogo Oliveira, que n\u00e3o deixem faltar recursos para que a iniciativa seja bem sucedida.<\/p>\n<p>As pessoas do Rio de Janeiro est\u00e3o engajadas em poder viver em paz. E essa iniciativa do governo \u00e9 firme e corajosa. O que ela vai nos proporcionar \u00e9 iniciar um processo que garanta o principal dos direitos humanos que \u00e9 o direito \u00e0 vida, disse.<\/p>\n<p>As declara\u00e7\u00f5es foram dadas hoje (22) ap\u00f3s a posse da nova diretoria da Associa\u00e7\u00e3o Brasileira das Empresas de Servi\u00e7os de Petr\u00f3leo (ABESPetro), associa\u00e7\u00e3o que re\u00fane atualmente 45 empresas da ind\u00fastria petrol\u00edfera. Moreira Franco representou Michel Temer, que foi homenageado, assim como o ministro de Minas e Energia, Fernando Coelho.<\/p>\n<p>A interven\u00e7\u00e3o militar no Rio de Janeiro foi determinada em decreto assinado na semana passada pelo presidente da Rep\u00fablica. O secret\u00e1rio de estado de Seguran\u00e7a Roberto S\u00e1 foi afastado e o general Walter Braga Netto, atual l\u00edder do Comando Militar do Leste (CML), foi nomeado interventor. A medida, que j\u00e1 recebeu a chancela da C\u00e2mara dos Deputados e do Senado, foi tomada ap\u00f3s uma crescente onda de viol\u00eancia na cidade, inclusive no carnaval, ocasi\u00e3o em que o governador do Rio de Janeiro, Luiz Fernando Pez\u00e3o, admitiu falhas no planejamento da seguran\u00e7a p\u00fablica.<\/p>\n<p>Moreira Franco disse que mudou sua vis\u00e3o a respeito da capacidade do poder p\u00fablico em colocar fim \u00e0 criminalidade em curto prazo. Quando foi eleito governador do Rio de Janeiro, em 1986, chegou a assumir o compromisso de acabar com a viol\u00eancia no estado em seis meses. Eu tinha 42 anos de idade e acreditava que ter\u00edamos for\u00e7a para resolver com muita rapidez. E disse que acabaria com a viol\u00eancia em seis meses. Evidentemente foi um impulso na \u00e9poca, que me fez acreditar que, com a for\u00e7a do governo do estado, poder\u00edamos solucionar a quest\u00e3o em um espa\u00e7o de tempo t\u00e3o curto. Mas eu descobri que n\u00e3o, afirmou.<\/p>\n<p>O ministro afirma estar mais maduro, mas continua acreditando na import\u00e2ncia das a\u00e7\u00f5es do Estado na \u00e1rea da seguran\u00e7a p\u00fablica. A viol\u00eancia faz parte da natureza humana. Na hist\u00f3ria da humanidade n\u00f3s temos permanentemente essa manifesta\u00e7\u00e3o. Hoje, aos 73 anos de idade, muito mais maduro e experiente, continuo acreditando que n\u00f3s temos que combater a viol\u00eancia e o crime organizado. Temos que mobilizar todos os nossos recursos para garantir o primeiro de todos os direitos humanos que \u00e9 o direito \u00e0 vida, acrescentou.<\/p>\n<p>O ministro Fernando Coelho tamb\u00e9m conversou com jornalistas e anunciou que ir\u00e1 deixar o minist\u00e9rio at\u00e9 o dia 6 de abril, prazo m\u00e1ximo para que possa concorrer \u00e0 reelei\u00e7\u00e3o como deputado federal pelo estado de Pernambuco. A decis\u00e3o do momento exato em que os ministros ir\u00e3o deixar os cargos \u00e9 do presidente da Rep\u00fablica. Se depender da minha disposi\u00e7\u00e3o, fico at\u00e9 o \u00faltimo dia do prazo e me comprometo com a nossa agenda em andamento, disse. Segundo ele, ainda n\u00e3o h\u00e1 discuss\u00e3o sobre seu substituto.<\/p>\n<p>Edi\u00e7\u00e3o: Amanda Cieglinski<\/p>\n","protected":false},"excerpt":{"rendered":"<p>O ministro-chefe da Secretaria-Geral da Presid\u00eancia da Rep\u00fablica, Moreira Franco, disse acreditar que popula\u00e7\u00e3o do Rio de Janeiro dar\u00e1 apoio \u00e0 interven\u00e7\u00e3o militar no estado. Ele tamb\u00e9m afirmou que os integrantes do governo n\u00e3o t\u00eam interesse eleitoral na medida e que o presidente Michel Temer recomendou aos ministros da Fazenda, Henrique Meirelles, e do Planejamento, &hellip;<\/p>\n","protected":false},"author":2,"featured_media":24339,"comment_status":"open","ping_status":"open","sticky":false,"template":"","format":"standard","meta":{"footnotes":""},"categories":[4],"tags":[],"class_list":["post-24541","post","type-post","status-publish","format-standard","has-post-thumbnail","hentry","category-ultimas-noticias"],"_links":{"self":[{"href":"https:\/\/goiasemtempo.com.br\/home\/wp-json\/wp\/v2\/posts\/24541","targetHints":{"allow":["GET"]}}],"collection":[{"href":"https:\/\/goiasemtempo.com.br\/home\/wp-json\/wp\/v2\/posts"}],"about":[{"href":"https:\/\/goiasemtempo.com.br\/home\/wp-json\/wp\/v2\/types\/post"}],"author":[{"embeddable":true,"href":"https:\/\/goiasemtempo.com.br\/home\/wp-json\/wp\/v2\/users\/2"}],"replies":[{"embeddable":true,"href":"https:\/\/goiasemtempo.com.br\/home\/wp-json\/wp\/v2\/comments?post=24541"}],"version-history":[{"count":1,"href":"https:\/\/goiasemtempo.com.br\/home\/wp-json\/wp\/v2\/posts\/24541\/revisions"}],"predecessor-version":[{"id":24542,"href":"https:\/\/goiasemtempo.com.br\/home\/wp-json\/wp\/v2\/posts\/24541\/revisions\/24542"}],"wp:featuredmedia":[{"embeddable":true,"href":"https:\/\/goiasemtempo.com.br\/home\/wp-json\/wp\/v2\/media\/24339"}],"wp:attachment":[{"href":"https:\/\/goiasemtempo.com.br\/home\/wp-json\/wp\/v2\/media?parent=24541"}],"wp:term":[{"taxonomy":"category","embeddable":true,"href":"https:\/\/goiasemtempo.com.br\/home\/wp-json\/wp\/v2\/categories?post=24541"},{"taxonomy":"post_tag","embeddable":true,"href":"https:\/\/goiasemtempo.com.br\/home\/wp-json\/wp\/v2\/tags?post=24541"}],"curies":[{"name":"wp","href":"https:\/\/api.w.org\/{rel}","templated":true}]}}