{"id":24463,"date":"2018-02-24T14:23:29","date_gmt":"2018-02-24T14:23:29","guid":{"rendered":"https:\/\/goiasemtempo.com.br\/home\/?p=24463"},"modified":"2018-02-24T14:23:29","modified_gmt":"2018-02-24T14:23:29","slug":"voltar-a-andar-e-o-sonho-do-mexicano-que-ja-foi-o-homem-mais-gordo-do-mundo","status":"publish","type":"post","link":"https:\/\/goiasemtempo.com.br\/home\/voltar-a-andar-e-o-sonho-do-mexicano-que-ja-foi-o-homem-mais-gordo-do-mundo\/","title":{"rendered":"Voltar a andar \u00e9 o sonho do mexicano que j\u00e1 foi o homem mais gordo do mundo"},"content":{"rendered":"<p>O mexicano Juan Pedro Franco, que foi o homem mais gordo do mundo em 2017, segundo o Guinness, em 17 de fevereiro de 2017 em Guadalajara, M\u00e9xico.<\/p>\n<p>O mexicano Juan Pedro Franco passa cada vez menos horas prostrado em sua cama. Com a ajuda de um andador especial para suportar seu peso, o homem que j\u00e1 foi o mais gordo do mundo vai aumentando seu n\u00famero de passos, mas ainda sonha em poder caminhar sozinho, sem sofrer o risco de asfixia.<\/p>\n<p>Juan Pedro, de 33 anos, natural do estado de Aguascalientes (norte), pesava 595 quilos em outubro de 2016. Essa condi\u00e7\u00e3o, resultado de uma dieta inadequada e um mau funcionamento da tireoide, fez com que o Guinness World Records lhe desse o t\u00edtulo de homem vivo com maior peso do mundo.<\/p>\n<p>Com hipotireoidismo, hipertens\u00e3o arterial, diabetes e uma obstru\u00e7\u00e3o pulmonar grave, Franco dedicou recuperar sua vida e aceitar a interven\u00e7\u00e3o do cirurgi\u00e3o bariatra Jos\u00e9 Antonio Casta\u00f1eda, especialista em tratamentos de obesidade.<\/p>\n<p>Em novembro de 2016, se trasladou de Aguascalientes a Guadalajara, onde est\u00e1 a Gastric Bypass M\u00e9xico, a cl\u00ednica de Casta\u00f1eda.<\/p>\n<p>O primeiro passo foi se submeter a uma dieta mediterr\u00e2nea muito rigorosa.<\/p>\n<p>Em maio de 2017, entrou pela primeira vez no centro cir\u00fargico para realizar gastrectomia vertical, e seis meses depois passou por uma convers\u00e3o a bypass g\u00e1strico. O objetivo de ambas as cirurgias \u00e9 reduzir o tamanho do est\u00f4mago.<\/p>\n<p>Reduzir sua capacidade de comer era a \u00fanica forma para faz\u00ea-lo emagrecer, j\u00e1 que queimar calorias n\u00e3o era suficiente.<\/p>\n<p>Na segunda opera\u00e7\u00e3o, pesava 366 quilos, e espera-se que em um ano e meio a balan\u00e7a marque em torno de 100 quilos, diz a cl\u00ednica.<\/p>\n<p>J\u00e1 fez enormes avan\u00e7os: a balan\u00e7a industrial na que tem que ser pesado indica que deixou cerca de 250 quilos para tr\u00e1s desde que iniciou o tratamento, comemorou Casta\u00f1eda.<\/p>\n<p>Juan Pedro, de pele muito branca devido \u00e0 falta de exposi\u00e7\u00e3o ao sol, vive em Guadalajara junto com sua m\u00e3e desde novembro de 2016 para estar perto da equipe de especialistas.<\/p>\n<p>Estou muito feliz porque tudo est\u00e1 indo muito bem, comentou \u00e0 AFP sentado em sua cama, na qual se construiu uma estrutura met\u00e1lica que lhe ajuda a se levantar e fazer alguns exerc\u00edcios.<\/p>\n<p>A cada dia est\u00e1 fazendo mais exerc\u00edcios. Tenta seguir em frente, tem uma atitude muito positiva, diz o m\u00e9dico, ao seu lado.<\/p>\n<p>&#8211; Seguir em frente &#8211;<\/p>\n<p>Mas o sonho deste jovem, que gosta de cantar e tocar viol\u00e3o e que vive conectado a um tanque de oxig\u00eanio, \u00e9 voltar a caminhar e seguir em frente.<\/p>\n<p>A cl\u00ednica adverte que tudo depender\u00e1 de sua evolu\u00e7\u00e3o e o tratamento de seus linfedemas nas pernas (acumula\u00e7\u00e3o anormal de l\u00edquido por obstru\u00e7\u00e3o no sistema linf\u00e1tico).<\/p>\n<p>Na \u00faltima cirurgia, seu est\u00f4mago foi dividido na metade e de forma horizontal para que ficasse muito mais reduzido e com menor capacidade g\u00e1strica.<\/p>\n<p>Ao mesmo tempo, se submeteu a uma divis\u00e3o intestinal para que o processo de absor\u00e7\u00e3o seja seletivo, ou seja, que s\u00f3 uma parte de seu intestino absorva nutrientes.<\/p>\n<p>Em meados do m\u00eas passado, voltou a subir em uma balan\u00e7a, que marcou 345 quilos, 22 a menos quase dois meses ap\u00f3s sua \u00faltima interven\u00e7\u00e3o.<\/p>\n<p>Para a equipe m\u00e9dica interdisciplinar que o atende, continua sendo um paciente complexo e seguir\u00e1 em risco at\u00e9 que deixe de ser uma pessoa com obesidade m\u00f3rbida.<\/p>\n<p>Estamos tentando salvar uma vida e seguiremos vigilantes at\u00e9 que esteja fora de perigo, diz a cl\u00ednica.<\/p>\n<p>Segundo estudos da Organiza\u00e7\u00e3o das Na\u00e7\u00f5es Unidas para a Alimenta\u00e7\u00e3o e a Agricultura (FAO) e da Organiza\u00e7\u00e3o Mundial da Sa\u00fade (OMS), 58% dos habitantes da Am\u00e9rica Latina e o Caribe est\u00e3o acima do peso ideal. M\u00e9xico, junto com Bahamas e Chile, s\u00e3o os que apresentam os maiores problemas nesse sentido.<\/p>\n<p>Em maio do ano passado morreu Manuel Uribe, aos 48 anos, outro mexicano que com 597 kg chegou a ser o homem mais gordo do mundo em 2007, segundo o Guinness World Records.<\/p>\n","protected":false},"excerpt":{"rendered":"<p>O mexicano Juan Pedro Franco, que foi o homem mais gordo do mundo em 2017, segundo o Guinness, em 17 de fevereiro de 2017 em Guadalajara, M\u00e9xico. O mexicano Juan Pedro Franco passa cada vez menos horas prostrado em sua cama. Com a ajuda de um andador especial para suportar seu peso, o homem que &hellip;<\/p>\n","protected":false},"author":2,"featured_media":24300,"comment_status":"open","ping_status":"open","sticky":false,"template":"","format":"standard","meta":{"_exactmetrics_skip_tracking":false,"_exactmetrics_sitenote_active":false,"_exactmetrics_sitenote_note":"","_exactmetrics_sitenote_category":0,"footnotes":""},"categories":[4],"tags":[],"_links":{"self":[{"href":"https:\/\/goiasemtempo.com.br\/home\/wp-json\/wp\/v2\/posts\/24463"}],"collection":[{"href":"https:\/\/goiasemtempo.com.br\/home\/wp-json\/wp\/v2\/posts"}],"about":[{"href":"https:\/\/goiasemtempo.com.br\/home\/wp-json\/wp\/v2\/types\/post"}],"author":[{"embeddable":true,"href":"https:\/\/goiasemtempo.com.br\/home\/wp-json\/wp\/v2\/users\/2"}],"replies":[{"embeddable":true,"href":"https:\/\/goiasemtempo.com.br\/home\/wp-json\/wp\/v2\/comments?post=24463"}],"version-history":[{"count":1,"href":"https:\/\/goiasemtempo.com.br\/home\/wp-json\/wp\/v2\/posts\/24463\/revisions"}],"predecessor-version":[{"id":24464,"href":"https:\/\/goiasemtempo.com.br\/home\/wp-json\/wp\/v2\/posts\/24463\/revisions\/24464"}],"wp:featuredmedia":[{"embeddable":true,"href":"https:\/\/goiasemtempo.com.br\/home\/wp-json\/wp\/v2\/media\/24300"}],"wp:attachment":[{"href":"https:\/\/goiasemtempo.com.br\/home\/wp-json\/wp\/v2\/media?parent=24463"}],"wp:term":[{"taxonomy":"category","embeddable":true,"href":"https:\/\/goiasemtempo.com.br\/home\/wp-json\/wp\/v2\/categories?post=24463"},{"taxonomy":"post_tag","embeddable":true,"href":"https:\/\/goiasemtempo.com.br\/home\/wp-json\/wp\/v2\/tags?post=24463"}],"curies":[{"name":"wp","href":"https:\/\/api.w.org\/{rel}","templated":true}]}}