{"id":24435,"date":"2018-02-24T14:14:26","date_gmt":"2018-02-24T14:14:26","guid":{"rendered":"https:\/\/goiasemtempo.com.br\/home\/?p=24435"},"modified":"2018-02-24T14:14:26","modified_gmt":"2018-02-24T14:14:26","slug":"todos-os-cavalos-selvagens-estao-extintos-segundo-estudo","status":"publish","type":"post","link":"https:\/\/goiasemtempo.com.br\/home\/todos-os-cavalos-selvagens-estao-extintos-segundo-estudo\/","title":{"rendered":"Todos os cavalos selvagens est\u00e3o extintos, segundo estudo"},"content":{"rendered":"<p>Todos os cavalos selvagens nativos do mundo foram extintos, segundo um estudo publicado nesta quinta-feira que redefiniu a \u00e1rvore geneal\u00f3gica dos equinos com base em uma nova an\u00e1lise de DNA de seus ancestrais.<\/p>\n<p>Os cavalos-de-przewalski, considerada a \u00fanica ra\u00e7a selvagem que n\u00e3o foi extinta, eram na verdade animais domesticados que escaparam de seus donos, segundo o estudo publicado na revista Science.<\/p>\n<p>Foi uma grande surpresa, disse a coautora do estudo Sandra Olsen, curadora encarregada da divis\u00e3o de arqueologia do Instituto de Biodiversidade e Museu de Hist\u00f3ria Natural da Universidade do Kansas.<\/p>\n<p>Isto significa que n\u00e3o h\u00e1 cavalos selvagens vivos na Terra, essa \u00e9 a parte triste, acrescentou.<\/p>\n<p>O estudo se baseou em trabalhos arqueol\u00f3gicos realizados em dois s\u00edtios do norte do Cazaquist\u00e3o, chamados Botai e Krasnyi Yar, onde cientistas encontraram a prova mais antiga de domestica\u00e7\u00e3o de cavalos, h\u00e1 mais de 5.000 anos.<\/p>\n<p>Os pesquisadores sequenciaram os genomas de 20 cavalos de Botai &#8211; a partir de dentes e ossos desenterrados desses s\u00edtios &#8211; e 22 cavalos da Eur\u00e1sia.<\/p>\n<p>Depois compararam os genomas desses antigos cavalos com genomas j\u00e1 publicados de 18 cavalos antigos e 28 modernos.<\/p>\n<p>Os resultados indicaram que a ra\u00e7a Przewalski descende dos primeiros cavalos domesticados conhecidos, criados pelos habitantes de Botai, no norte do Cazaquist\u00e3o, h\u00e1 cerca de 5.500 anos.<\/p>\n<p>Certamente \u00e9 surpreendente ver que os cavalos-de-przewalski s\u00e3o descend\u00eancia desses primeiros cavalos domesticados, j\u00e1 que isto n\u00e3o \u00e9 o que as pessoas tendem a acreditar, disse Beth Shapiro, professora de ecologia e biologia evolutiva da Universidade da Calif\u00f3rnia, Santa Cruz.<\/p>\n<p>As descobertas s\u00e3o muito interessantes, comentou.<\/p>\n<p>Os cavalos-de-przewalski, descobertos na Mong\u00f3lia em 1879, s\u00e3o considerados uma esp\u00e9cie em perigo pela Uni\u00e3o Internacional para a Conserva\u00e7\u00e3o da Natureza.<\/p>\n<p>Estes equinos de ventre redondo, cor marrom avermelhado a bege e patas curtas, viviam na \u00c1sia Central, Europa e China em tempos pr\u00e9-hist\u00f3ricos.<\/p>\n","protected":false},"excerpt":{"rendered":"<p>Todos os cavalos selvagens nativos do mundo foram extintos, segundo um estudo publicado nesta quinta-feira que redefiniu a \u00e1rvore geneal\u00f3gica dos equinos com base em uma nova an\u00e1lise de DNA de seus ancestrais. Os cavalos-de-przewalski, considerada a \u00fanica ra\u00e7a selvagem que n\u00e3o foi extinta, eram na verdade animais domesticados que escaparam de seus donos, segundo &hellip;<\/p>\n","protected":false},"author":2,"featured_media":24286,"comment_status":"open","ping_status":"open","sticky":false,"template":"","format":"standard","meta":{"_exactmetrics_skip_tracking":false,"_exactmetrics_sitenote_active":false,"_exactmetrics_sitenote_note":"","_exactmetrics_sitenote_category":0,"footnotes":""},"categories":[4],"tags":[],"_links":{"self":[{"href":"https:\/\/goiasemtempo.com.br\/home\/wp-json\/wp\/v2\/posts\/24435"}],"collection":[{"href":"https:\/\/goiasemtempo.com.br\/home\/wp-json\/wp\/v2\/posts"}],"about":[{"href":"https:\/\/goiasemtempo.com.br\/home\/wp-json\/wp\/v2\/types\/post"}],"author":[{"embeddable":true,"href":"https:\/\/goiasemtempo.com.br\/home\/wp-json\/wp\/v2\/users\/2"}],"replies":[{"embeddable":true,"href":"https:\/\/goiasemtempo.com.br\/home\/wp-json\/wp\/v2\/comments?post=24435"}],"version-history":[{"count":1,"href":"https:\/\/goiasemtempo.com.br\/home\/wp-json\/wp\/v2\/posts\/24435\/revisions"}],"predecessor-version":[{"id":24436,"href":"https:\/\/goiasemtempo.com.br\/home\/wp-json\/wp\/v2\/posts\/24435\/revisions\/24436"}],"wp:featuredmedia":[{"embeddable":true,"href":"https:\/\/goiasemtempo.com.br\/home\/wp-json\/wp\/v2\/media\/24286"}],"wp:attachment":[{"href":"https:\/\/goiasemtempo.com.br\/home\/wp-json\/wp\/v2\/media?parent=24435"}],"wp:term":[{"taxonomy":"category","embeddable":true,"href":"https:\/\/goiasemtempo.com.br\/home\/wp-json\/wp\/v2\/categories?post=24435"},{"taxonomy":"post_tag","embeddable":true,"href":"https:\/\/goiasemtempo.com.br\/home\/wp-json\/wp\/v2\/tags?post=24435"}],"curies":[{"name":"wp","href":"https:\/\/api.w.org\/{rel}","templated":true}]}}