{"id":24379,"date":"2018-02-24T14:00:07","date_gmt":"2018-02-24T14:00:07","guid":{"rendered":"https:\/\/goiasemtempo.com.br\/home\/?p=24379"},"modified":"2018-02-24T14:00:07","modified_gmt":"2018-02-24T14:00:07","slug":"general-da-ativa-e-cogitado-para-secretario-de-seguranca-do-rio-diz-cml","status":"publish","type":"post","link":"https:\/\/goiasemtempo.com.br\/home\/general-da-ativa-e-cogitado-para-secretario-de-seguranca-do-rio-diz-cml\/","title":{"rendered":"General da ativa \u00e9 cogitado para secret\u00e1rio de Seguran\u00e7a do Rio, diz CML"},"content":{"rendered":"<p>O general da ativa Richard Fernandez Nunes \u00e9 um dos nomes cogitados para ocupar a Secretaria Estadual de Seguran\u00e7a (Seseg), segundo confirmou, nesta quinta-feira (22), o Comando Militar do Leste (CML). Ele poder\u00e1 ser anunciado, nos pr\u00f3ximos dias, pelo general Walter Braga Netto, comandante do CML e interventor da \u00e1rea de seguran\u00e7a no Rio de Janeiro.<\/p>\n<p>Natural do estado, Nunes \u00e9 o atual comandante da Escola de Comando e Estado-Maior do Ex\u00e9rcito (ECEME). Antes disso, de dezembro de 2014 a fevereiro de 2015, assumiu o comando do 5\u00ba contingente da For\u00e7a de Pacifica\u00e7\u00e3o, no Complexo da Mar\u00e9.<\/p>\n<p>Se o seu nome for confirmado, ele ter\u00e1 sob seu comando direto a Pol\u00edcia Militar e a Pol\u00edcia Civil, no caso de ser mantido o atual organograma da estrutura de seguran\u00e7a do estado. Nunes \u00e9 bacharel em direito pela Universidade do Estado do Rio de Janeiro (Uerj).<\/p>\n<p>Ele ingressou na Escola Preparat\u00f3ria de Cadetes do Ex\u00e9rcito em 1978, e foi declarado Aspirante-a-Oficial da Arma de Artilharia, na Academia Militar das Agulhas Negras, em 1984. Foi promovido ao posto atual em mar\u00e7o de 2014.<\/p>\n<p>Edi\u00e7\u00e3o: Amanda Cieglinski<\/p>\n","protected":false},"excerpt":{"rendered":"<p>O general da ativa Richard Fernandez Nunes \u00e9 um dos nomes cogitados para ocupar a Secretaria Estadual de Seguran\u00e7a (Seseg), segundo confirmou, nesta quinta-feira (22), o Comando Militar do Leste (CML). Ele poder\u00e1 ser anunciado, nos pr\u00f3ximos dias, pelo general Walter Braga Netto, comandante do CML e interventor da \u00e1rea de seguran\u00e7a no Rio de &hellip;<\/p>\n","protected":false},"author":2,"featured_media":24259,"comment_status":"open","ping_status":"open","sticky":false,"template":"","format":"standard","meta":{"footnotes":""},"categories":[4],"tags":[],"class_list":["post-24379","post","type-post","status-publish","format-standard","has-post-thumbnail","hentry","category-ultimas-noticias"],"_links":{"self":[{"href":"https:\/\/goiasemtempo.com.br\/home\/wp-json\/wp\/v2\/posts\/24379","targetHints":{"allow":["GET"]}}],"collection":[{"href":"https:\/\/goiasemtempo.com.br\/home\/wp-json\/wp\/v2\/posts"}],"about":[{"href":"https:\/\/goiasemtempo.com.br\/home\/wp-json\/wp\/v2\/types\/post"}],"author":[{"embeddable":true,"href":"https:\/\/goiasemtempo.com.br\/home\/wp-json\/wp\/v2\/users\/2"}],"replies":[{"embeddable":true,"href":"https:\/\/goiasemtempo.com.br\/home\/wp-json\/wp\/v2\/comments?post=24379"}],"version-history":[{"count":1,"href":"https:\/\/goiasemtempo.com.br\/home\/wp-json\/wp\/v2\/posts\/24379\/revisions"}],"predecessor-version":[{"id":24380,"href":"https:\/\/goiasemtempo.com.br\/home\/wp-json\/wp\/v2\/posts\/24379\/revisions\/24380"}],"wp:featuredmedia":[{"embeddable":true,"href":"https:\/\/goiasemtempo.com.br\/home\/wp-json\/wp\/v2\/media\/24259"}],"wp:attachment":[{"href":"https:\/\/goiasemtempo.com.br\/home\/wp-json\/wp\/v2\/media?parent=24379"}],"wp:term":[{"taxonomy":"category","embeddable":true,"href":"https:\/\/goiasemtempo.com.br\/home\/wp-json\/wp\/v2\/categories?post=24379"},{"taxonomy":"post_tag","embeddable":true,"href":"https:\/\/goiasemtempo.com.br\/home\/wp-json\/wp\/v2\/tags?post=24379"}],"curies":[{"name":"wp","href":"https:\/\/api.w.org\/{rel}","templated":true}]}}