{"id":24186,"date":"2018-02-22T16:45:49","date_gmt":"2018-02-22T16:45:49","guid":{"rendered":"https:\/\/goiasemtempo.com.br\/home\/?p=24186"},"modified":"2018-02-22T16:45:49","modified_gmt":"2018-02-22T16:45:49","slug":"pf-deflagra-48a-fase-da-operacao-lava-jato-operacao-integracao","status":"publish","type":"post","link":"https:\/\/goiasemtempo.com.br\/home\/pf-deflagra-48a-fase-da-operacao-lava-jato-operacao-integracao\/","title":{"rendered":"PF deflagra 48\u00aa fase da Opera\u00e7\u00e3o Lava Jato &#8211; Opera\u00e7\u00e3o Integra\u00e7\u00e3o"},"content":{"rendered":"<p>Curitiba\/PR \u2013 A Pol\u00edcia Federal deflagrou hoje (22\/2) a 48\u00aa fase da Opera\u00e7\u00e3o Lava Jato \u2013 Opera\u00e7\u00e3o Integra\u00e7\u00e3o. A investiga\u00e7\u00e3o policial tem como foco a apura\u00e7\u00e3o de casos de corrup\u00e7\u00e3o ligados aos procedimentos de concess\u00e3o de rodovias federais no Estado do Paran\u00e1 que fazem parte do chamado Anel Da Integra\u00e7\u00e3o.<\/p>\n<p>Policiais federais, servidores da Receita Federal e membros do Minist\u00e9rio P\u00fablico Federal participam da a\u00e7\u00e3o realizada simultaneamente nos estados do Paran\u00e1, Santa Catarina, Rio de Janeiro e S\u00e3o Paulo. Est\u00e3o sendo cumpridos 50 mandados de busca e apreens\u00e3o e 7 mandados de pris\u00e3o tempor\u00e1ria.<\/p>\n<p>Nas investiga\u00e7\u00f5es se detectou o uso das estruturas de lavagem de dinheiro reveladas na Opera\u00e7\u00e3o Lava Jato para operacionalizar os recursos il\u00edcitos pagos a agentes p\u00fablicos, principalmente atrav\u00e9s de operadores financeiros investigados na Opera\u00e7\u00e3o Lava Jato.<\/p>\n<p>Uma das concession\u00e1rias se utilizou dos servi\u00e7os de deles para operacionalizar, ocultar e dissimular valores oriundos de atos de corrup\u00e7\u00e3o. Dentre os servi\u00e7os prestados por estes operadores est\u00e1 a viabiliza\u00e7\u00e3o do pagamento de vantagens indevidas a agentes p\u00fablicos do DNIT \u2013 Departamento Nacional de Infraestrutura de Transportes, DER\/PR \u2013 Departamento de Estradas de Rodagem no Paran\u00e1 e Casa Civil do Governo do Estado do Paran\u00e1.<\/p>\n<p>A a\u00e7\u00e3o tem por objeto a apura\u00e7\u00e3o, dentre outros, dos crimes de corrup\u00e7\u00e3o, fraude a licita\u00e7\u00f5es e lavagem de ativos. As ordens judiciais foram determinadas pelo Ju\u00edzo Titular da 13\u00aa Vara Federal de Curitiba\/PR.<\/p>\n<p>Ser\u00e1 concedida coletiva de imprensa, \u00e0s 10h, no audit\u00f3rio da Superintend\u00eancia Regional da Pol\u00edcia Federal no Paran\u00e1.<\/p>\n<p>Comunica\u00e7\u00e3o Social da Pol\u00edcia Federal em Curitiba-PR\u00a0 \u00a0 \u00a0 \u00a0 \u00a0 \u00a0 \u00a0 \u00a0 \u00a0 \u00a0 \u00a0 \u00a0 \u00a0 \u00a0 \u00a0 \u00a0 \u00a0 \u00a0 \u00a0 \u00a0 \u00a0 \u00a0 \u00a0 \u00a0 \u00a0 \u00a0 \u00a0 \u00a0 \u00a0 \u00a0 \u00a0 \u00a0 \u00a0 \u00a0Link para a coletiva: http:\/\/youtu.be\/iBxHNcKpat8<\/p>\n","protected":false},"excerpt":{"rendered":"<p>Curitiba\/PR \u2013 A Pol\u00edcia Federal deflagrou hoje (22\/2) a 48\u00aa fase da Opera\u00e7\u00e3o Lava Jato \u2013 Opera\u00e7\u00e3o Integra\u00e7\u00e3o. A investiga\u00e7\u00e3o policial tem como foco a apura\u00e7\u00e3o de casos de corrup\u00e7\u00e3o ligados aos procedimentos de concess\u00e3o de rodovias federais no Estado do Paran\u00e1 que fazem parte do chamado Anel Da Integra\u00e7\u00e3o. Policiais federais, servidores da Receita &hellip;<\/p>\n","protected":false},"author":3,"featured_media":24187,"comment_status":"open","ping_status":"open","sticky":false,"template":"","format":"standard","meta":{"_exactmetrics_skip_tracking":false,"_exactmetrics_sitenote_active":false,"_exactmetrics_sitenote_note":"","_exactmetrics_sitenote_category":0,"footnotes":""},"categories":[6],"tags":[],"_links":{"self":[{"href":"https:\/\/goiasemtempo.com.br\/home\/wp-json\/wp\/v2\/posts\/24186"}],"collection":[{"href":"https:\/\/goiasemtempo.com.br\/home\/wp-json\/wp\/v2\/posts"}],"about":[{"href":"https:\/\/goiasemtempo.com.br\/home\/wp-json\/wp\/v2\/types\/post"}],"author":[{"embeddable":true,"href":"https:\/\/goiasemtempo.com.br\/home\/wp-json\/wp\/v2\/users\/3"}],"replies":[{"embeddable":true,"href":"https:\/\/goiasemtempo.com.br\/home\/wp-json\/wp\/v2\/comments?post=24186"}],"version-history":[{"count":1,"href":"https:\/\/goiasemtempo.com.br\/home\/wp-json\/wp\/v2\/posts\/24186\/revisions"}],"predecessor-version":[{"id":24188,"href":"https:\/\/goiasemtempo.com.br\/home\/wp-json\/wp\/v2\/posts\/24186\/revisions\/24188"}],"wp:featuredmedia":[{"embeddable":true,"href":"https:\/\/goiasemtempo.com.br\/home\/wp-json\/wp\/v2\/media\/24187"}],"wp:attachment":[{"href":"https:\/\/goiasemtempo.com.br\/home\/wp-json\/wp\/v2\/media?parent=24186"}],"wp:term":[{"taxonomy":"category","embeddable":true,"href":"https:\/\/goiasemtempo.com.br\/home\/wp-json\/wp\/v2\/categories?post=24186"},{"taxonomy":"post_tag","embeddable":true,"href":"https:\/\/goiasemtempo.com.br\/home\/wp-json\/wp\/v2\/tags?post=24186"}],"curies":[{"name":"wp","href":"https:\/\/api.w.org\/{rel}","templated":true}]}}