{"id":24107,"date":"2018-02-22T07:14:27","date_gmt":"2018-02-22T07:14:27","guid":{"rendered":"https:\/\/goiasemtempo.com.br\/home\/?p=24107"},"modified":"2018-02-22T07:14:27","modified_gmt":"2018-02-22T07:14:27","slug":"comeca-retirada-de-corpos-das-vitimas-de-acidente-aereo-no-ira","status":"publish","type":"post","link":"https:\/\/goiasemtempo.com.br\/home\/comeca-retirada-de-corpos-das-vitimas-de-acidente-aereo-no-ira\/","title":{"rendered":"Come\u00e7a retirada de corpos das v\u00edtimas de acidente a\u00e9reo no Ir\u00e3"},"content":{"rendered":"<p>As equipes de resgate come\u00e7aram a retirar por terra os corpos das v\u00edtimas do acidente de avi\u00e3o ocorrido no \u00faltimo domingo (18) nas montanhas do sudoeste do Ir\u00e3, mas tiveram de suspender as tarefas no in\u00edcio da tarde por causa do mau tempo.<\/p>\n<p>O Crescente Vermelho iraniano indicou que as opera\u00e7\u00f5es de descida dos corpos foram suspensas por causa dos riscos para as equipes de socorro, informou a ag\u00eancia de not\u00edcias Isna.<\/p>\n<p>Diante da persist\u00eancia do mau tempo, com tempestade de neve e ventos glaciais, as autoridades disseram que tamb\u00e9m ser\u00e1 preciso, pelo menos temporariamente, adiar o transporte dos restos mortais por helic\u00f3ptero.<\/p>\n<p>Ainda n\u00e3o se sabe o n\u00famero exato de corpos encontrados at\u00e9 o momento no local desse acidente que n\u00e3o deixou sobreviventes.<\/p>\n<p>O general Nozar Nemati, do Ex\u00e9rcito de Terra iraniano, declarou \u00e0 rede de televis\u00e3o p\u00fablica que os comandos do Ex\u00e9rcito e os socorristas come\u00e7aram a a retirada dos corpos por terra.<\/p>\n<p>Um outro oficial disse que sete cad\u00e1veres puderam ser transportados pelo vale at\u00e9 agora, enquanto uma fonte regional do Crescente Vermelho, citada pela Isna, indicou que 32 pacotes foram evacuados. Segundo esse mesmo funcion\u00e1rio, as pe\u00e7as contidas nesses pacotes n\u00e3o s\u00e3o necessariamente corpos inteiros.<\/p>\n<p>Ao chegar a uma estrada, os restos mortais ser\u00e3o entregues aos legistas para sua identifica\u00e7\u00e3o, sendo transferidos por ve\u00edculo para o aeroporto de Yassuj, cerca de 500 quil\u00f4metros ao sul de Teer\u00e3.<\/p>\n<p>O diretor das equipes de socorristas da prov\u00edncia de Kohgilouyhe-Bouyer Ahmad disse \u00e0 ag\u00eancia de not\u00edcias Ilna que a maioria dos corpos pode ser identificada, acrescentando que apenas um pequeno n\u00famero n\u00e3o poder\u00e1 ser.<\/p>\n<p>Ainda segundo a Ilna, 33 pessoas a bordo eram de Teer\u00e3, e outras 15 da regi\u00e3o de Yassuj.<\/p>\n<p>&#8211; Caixas-pretas ainda desaparecidas &#8211;<\/p>\n<p>Depois de dois dias de busca na cordilheira de Zagros, os socorristas localizaram, na ter\u00e7a-feira (20), a cerca de 4.000 metros de altitude, os destro\u00e7os do avi\u00e3o ATR 72 da companhia iraniana Aseman Airlines. Mais de 100 pessoas participaram das buscas.<\/p>\n<p>O avi\u00e3o decolou de Teer\u00e3 rumo \u00e0 cidade de Yassuj, com 66 pessoas a bordo &#8211; 60 passageiros e seis membros da tripula\u00e7\u00e3o. A aeronave desapareceu das telas dos radares durante uma tempestade de neve, quando se aproximava de seu destino. O aparelho est\u00e1 em servi\u00e7o desde 1993.<\/p>\n<p>Tamb\u00e9m n\u00e3o se tem conhecimento, at\u00e9 agora, das causas da queda do avi\u00e3o, ocorrida durante uma tempestade de neve. As caixas-pretas continuam desaparecidas.<\/p>\n<p>O Ir\u00e3 enfrentou algumas cat\u00e1strofes a\u00e9reas desde 2003. O \u00faltimo grande acidente no campo da Avia\u00e7\u00e3o Civil remonta a 2014, quando 39 pessoas morreram na queda de um Antonov 140.<\/p>\n<p>N\u00fameros da Flight Safety Foundation, uma ONG baseada nos Estados Unidos, sugerem que o Ir\u00e3 continua abaixo da m\u00e9dia em termos de ado\u00e7\u00e3o de normas de seguran\u00e7a da Organiza\u00e7\u00e3o da Avia\u00e7\u00e3o Civil Internacional (Oaci).<\/p>\n","protected":false},"excerpt":{"rendered":"<p>As equipes de resgate come\u00e7aram a retirar por terra os corpos das v\u00edtimas do acidente de avi\u00e3o ocorrido no \u00faltimo domingo (18) nas montanhas do sudoeste do Ir\u00e3, mas tiveram de suspender as tarefas no in\u00edcio da tarde por causa do mau tempo. O Crescente Vermelho iraniano indicou que as opera\u00e7\u00f5es de descida dos corpos &hellip;<\/p>\n","protected":false},"author":2,"featured_media":23866,"comment_status":"open","ping_status":"open","sticky":false,"template":"","format":"standard","meta":{"footnotes":""},"categories":[4],"tags":[],"class_list":["post-24107","post","type-post","status-publish","format-standard","has-post-thumbnail","hentry","category-ultimas-noticias"],"_links":{"self":[{"href":"https:\/\/goiasemtempo.com.br\/home\/wp-json\/wp\/v2\/posts\/24107","targetHints":{"allow":["GET"]}}],"collection":[{"href":"https:\/\/goiasemtempo.com.br\/home\/wp-json\/wp\/v2\/posts"}],"about":[{"href":"https:\/\/goiasemtempo.com.br\/home\/wp-json\/wp\/v2\/types\/post"}],"author":[{"embeddable":true,"href":"https:\/\/goiasemtempo.com.br\/home\/wp-json\/wp\/v2\/users\/2"}],"replies":[{"embeddable":true,"href":"https:\/\/goiasemtempo.com.br\/home\/wp-json\/wp\/v2\/comments?post=24107"}],"version-history":[{"count":1,"href":"https:\/\/goiasemtempo.com.br\/home\/wp-json\/wp\/v2\/posts\/24107\/revisions"}],"predecessor-version":[{"id":24108,"href":"https:\/\/goiasemtempo.com.br\/home\/wp-json\/wp\/v2\/posts\/24107\/revisions\/24108"}],"wp:featuredmedia":[{"embeddable":true,"href":"https:\/\/goiasemtempo.com.br\/home\/wp-json\/wp\/v2\/media\/23866"}],"wp:attachment":[{"href":"https:\/\/goiasemtempo.com.br\/home\/wp-json\/wp\/v2\/media?parent=24107"}],"wp:term":[{"taxonomy":"category","embeddable":true,"href":"https:\/\/goiasemtempo.com.br\/home\/wp-json\/wp\/v2\/categories?post=24107"},{"taxonomy":"post_tag","embeddable":true,"href":"https:\/\/goiasemtempo.com.br\/home\/wp-json\/wp\/v2\/tags?post=24107"}],"curies":[{"name":"wp","href":"https:\/\/api.w.org\/{rel}","templated":true}]}}