{"id":24105,"date":"2018-02-22T07:14:00","date_gmt":"2018-02-22T07:14:00","guid":{"rendered":"https:\/\/goiasemtempo.com.br\/home\/?p=24105"},"modified":"2018-02-22T07:14:00","modified_gmt":"2018-02-22T07:14:00","slug":"assassino-do-laser-aguarda-veredito-por-ataque-racista-na-alemanha","status":"publish","type":"post","link":"https:\/\/goiasemtempo.com.br\/home\/assassino-do-laser-aguarda-veredito-por-ataque-racista-na-alemanha\/","title":{"rendered":"Assassino do laser aguarda veredito por ataque racista na Alemanha"},"content":{"rendered":"<p>O assassino do laser, um sueco que cumpre pena de pris\u00e3o perp\u00e9tua em seu pa\u00eds por uma s\u00e9rie de ataques racistas, receber\u00e1 nesta quarta-feira o veredito de um tribunal alem\u00e3o sobre o assassinato de uma mulher judaica h\u00e1 25 anos em Frankfurt.<\/p>\n<p>O acusado, John Ausonius, tem agora 64 anos e cumpre a condena\u00e7\u00e3o na Su\u00e9cia por ter atirado contra v\u00e1rias pessoas em 1991 e 1992, utilizando para isto um laser.<\/p>\n<p>Os ataques, contra pessoas de origem estrangeira, deixaram um morto e v\u00e1rios feridos graves. O autor do massacre de Ut\u00f8ya, o noruegu\u00eas Anders Breivik, que mato 77 pessoas em 2011, afirmou que Ausonius foi uma de suas fontes de inspira\u00e7\u00e3o.<\/p>\n<p>Ausonius cumpria a condena\u00e7\u00e3o na Su\u00e9cia depois de ter sido sentenciado \u00e0 pris\u00e3o perp\u00e9tua em 1995, mas no fim de 2016 foi extraditado para a Alemanha para ser julgado pelo assassinato em fevereiro de 1992 de Blanka Zmigrod, uma judia de 68 anos que havia sobrevivido aos campos de concentra\u00e7\u00e3o.<\/p>\n<p>Zmigrod morreu ao receber um tiro na cabe\u00e7a, mas os investigadores n\u00e3o conseguiram esclarecer se o caso teve motiva\u00e7\u00e3o antissemita.<\/p>\n<p>Na ter\u00e7a-feira, a acusa\u00e7\u00e3o pediu pena de pris\u00e3o perp\u00e9tua por assassinato com agravante, com o m\u00ednimo de 15 anos de pena irredut\u00edvel.<\/p>\n<p>A motiva\u00e7\u00e3o do assassinato parece f\u00fatil: Ausonius estava convencido que a v\u00edtima havia roubado sua agenda eletr\u00f4nica, que continha os n\u00fameros de suas contas banc\u00e1rias, e desejava vingan\u00e7a.<\/p>\n<p>Eles se encontraram em um hotel de Frankfurt, onde a v\u00edtima trabalhava.<\/p>\n<p>No momento de pegar de volta seu casaco, Ausonius a acusou de ter roubado sua agenda eletr\u00f4nica. A dire\u00e7\u00e3o do hotel pediu ao sueco que deixasse o local.<\/p>\n<p>Ausonius, que nega as acusa\u00e7\u00f5es, teria ent\u00e3o amea\u00e7ado Blanka Zmigrod.<\/p>\n<p>John Ausonius, cujo nome verdadeiro \u00e9 Wolfgang Alexander, nasceu na Su\u00e9cia, filho de um su\u00ed\u00e7o e de uma alem\u00e3. Era obcecado em parecer um verdadeiro sueco: chegou tingir o cabelo de louro e a usar lentes de contato azuis.<\/p>\n<p>De acordo com a imprensa, tinha transtorno de personalidade, um comportamento extremamente violento, especialmente com as mulheres, e assaltou v\u00e1rios bancos.<\/p>\n<p>Interrompeu os estudos cedo e cumpriu o servi\u00e7o militar, quando sua precis\u00e3o como atirador chamou a aten\u00e7\u00e3o. Depois sobreviveu com pequenos trabalhos informais, antes de fazer fortuna especulando na Bolsa. Mas perdeu todo o dinheiro.<\/p>\n<p>Segundo os investigadores, ele cometeu o assassinato de Frankfurt depois de fugir da Su\u00e9cia ap\u00f3s os ataques racistas. Retornou a Estocolmo no mesmo ano para tentar assaltar outro banco.<\/p>\n","protected":false},"excerpt":{"rendered":"<p>O assassino do laser, um sueco que cumpre pena de pris\u00e3o perp\u00e9tua em seu pa\u00eds por uma s\u00e9rie de ataques racistas, receber\u00e1 nesta quarta-feira o veredito de um tribunal alem\u00e3o sobre o assassinato de uma mulher judaica h\u00e1 25 anos em Frankfurt. O acusado, John Ausonius, tem agora 64 anos e cumpre a condena\u00e7\u00e3o na &hellip;<\/p>\n","protected":false},"author":2,"featured_media":23865,"comment_status":"open","ping_status":"open","sticky":false,"template":"","format":"standard","meta":{"footnotes":""},"categories":[4],"tags":[],"class_list":["post-24105","post","type-post","status-publish","format-standard","has-post-thumbnail","hentry","category-ultimas-noticias"],"_links":{"self":[{"href":"https:\/\/goiasemtempo.com.br\/home\/wp-json\/wp\/v2\/posts\/24105","targetHints":{"allow":["GET"]}}],"collection":[{"href":"https:\/\/goiasemtempo.com.br\/home\/wp-json\/wp\/v2\/posts"}],"about":[{"href":"https:\/\/goiasemtempo.com.br\/home\/wp-json\/wp\/v2\/types\/post"}],"author":[{"embeddable":true,"href":"https:\/\/goiasemtempo.com.br\/home\/wp-json\/wp\/v2\/users\/2"}],"replies":[{"embeddable":true,"href":"https:\/\/goiasemtempo.com.br\/home\/wp-json\/wp\/v2\/comments?post=24105"}],"version-history":[{"count":1,"href":"https:\/\/goiasemtempo.com.br\/home\/wp-json\/wp\/v2\/posts\/24105\/revisions"}],"predecessor-version":[{"id":24106,"href":"https:\/\/goiasemtempo.com.br\/home\/wp-json\/wp\/v2\/posts\/24105\/revisions\/24106"}],"wp:featuredmedia":[{"embeddable":true,"href":"https:\/\/goiasemtempo.com.br\/home\/wp-json\/wp\/v2\/media\/23865"}],"wp:attachment":[{"href":"https:\/\/goiasemtempo.com.br\/home\/wp-json\/wp\/v2\/media?parent=24105"}],"wp:term":[{"taxonomy":"category","embeddable":true,"href":"https:\/\/goiasemtempo.com.br\/home\/wp-json\/wp\/v2\/categories?post=24105"},{"taxonomy":"post_tag","embeddable":true,"href":"https:\/\/goiasemtempo.com.br\/home\/wp-json\/wp\/v2\/tags?post=24105"}],"curies":[{"name":"wp","href":"https:\/\/api.w.org\/{rel}","templated":true}]}}