{"id":24051,"date":"2018-02-22T07:01:24","date_gmt":"2018-02-22T07:01:24","guid":{"rendered":"https:\/\/goiasemtempo.com.br\/home\/?p=24051"},"modified":"2018-02-22T07:01:24","modified_gmt":"2018-02-22T07:01:24","slug":"esquerda-busca-uniao-diante-de-futuro-incerto-de-lula","status":"publish","type":"post","link":"https:\/\/goiasemtempo.com.br\/home\/esquerda-busca-uniao-diante-de-futuro-incerto-de-lula\/","title":{"rendered":"Esquerda busca uni\u00e3o diante de futuro incerto de Lula"},"content":{"rendered":"<p>Os partidos de esquerda lan\u00e7aram nesta ter\u00e7a-feira (20) um manifesto de unidade, pensando em uma eventual alian\u00e7a para as elei\u00e7\u00f5es de outubro, ap\u00f3s a derrocada do PT e o futuro incerto do ex-presidente Luiz In\u00e1cio Lula da Silva.<\/p>\n<p>A ideia \u00e9 tentar aproximar os programas partid\u00e1rios da esquerda para que a gente possa ter uma unidade de a\u00e7\u00e3o se n\u00e3o no primeiro, no segundo turno, disse \u00e0 AFP o deputado do PT por S\u00e3o Paulo Carlos Zarattini, pouco antes do in\u00edcio do evento.<\/p>\n<p>Em uma sala da C\u00e2mara dos Deputados lotada de militantes, dirigentes e deputados &#8211; e tamb\u00e9m com algumas aus\u00eancias not\u00e1veis neste espa\u00e7o p\u00fablico &#8211; os oradores atacaram o governo do presidente Michel Temer e seu programa de ajustes e baixa interven\u00e7\u00e3o do Estado na economia.<\/p>\n<p>O texto entregue prop\u00f5e livrar o Brasil desse regime ultraliberal, autorit\u00e1rio, contra o povo e contra a Na\u00e7\u00e3o, que vem sendo imposto pelo governo Temer e pelos partidos conservadores e as grandes for\u00e7as econ\u00f4micas internas e externas que lhe d\u00e3o apoio.<\/p>\n<p>Sem men\u00e7\u00f5es expl\u00edcitas a Lula, diferentemente dos discursos repletos de reivindica\u00e7\u00f5es do ex-presidente (2003-2010), o manifesto exige a defesa da soberania nacional e do patrim\u00f4nio do Brasil contra as privatiza\u00e7\u00f5es criminosas, em especial da Petrobras e da riqueza do pr\u00e9-sal.<\/p>\n<p>Este \u00e9 um ato, mais que nada, de unidade pol\u00edtica, disse Juliano Medeiros, presidente nacional do PSOL.<\/p>\n<p>&#8211; Lula, democracia e impeachment &#8211;<\/p>\n<p>A esquerda entrou em crise em 2016, quando o Congresso dep\u00f4s a presidente Dilma Rousseff (2011-2016) por manipula\u00e7\u00e3o das contas p\u00fablicas, um julgamento pol\u00edtico que interrompeu um per\u00edodo de mais de 13 anos de governo do PT, seguido de uma avassaladora derrota nas elei\u00e7\u00f5es municipais naquele mesmo ano.<\/p>\n<p>Os problemas deste espectro pol\u00edtico se aprofundaram com as acusa\u00e7\u00f5es de corrup\u00e7\u00e3o contra Lula, que ao deixar o poder era o presidente mais popular da hist\u00f3ria recente do Brasil.<\/p>\n<p>Condenado a mais de 12 anos de pris\u00e3o por corrup\u00e7\u00e3o e com sua candidatura t\u00e3o amea\u00e7ada quanto sua liberdade, o caso de Lula levou o PT a dar os primeiros sinais de uma poss\u00edvel candidatura alternativa \u00e0 do homem que lidera com folga as inten\u00e7\u00f5es de voto para 7 de outubro.<\/p>\n<p>Lula \u00e9 o favorito. Tem uma probabilidade muito grande de se eleger, caso ele consiga ser candidato. Agora, um candidato da esquerda com apoio de Lula, ele vai estar no segundo turno. Como vamos costurar isso, qual vai ser esse nome, caso Lula n\u00e3o possa ser candidato, \u00e9 uma outra quest\u00e3o que ainda tem que ser discutida. Hoje s\u00f3 podemos avan\u00e7ar na unidade program\u00e1tica, acrescentou Zarattini.<\/p>\n<p>As for\u00e7as de esquerda lan\u00e7aram v\u00e1rios pr\u00e9-candidatos. Estes incluem a deputada Manuela d\u00c1vila, do PCdoB; o ex-deputado Ciro Gomes, do PDT; e muitos nomes associados ao PSOL e ao PSB.<\/p>\n<p>Tanto o PDT quanto o PSB apoiaram majoritariamente o impeachment de Dilma durante o julgamento no Congresso, um reflexo do vai-e-vem da pol\u00edtica brasileira, que demonstra as discrep\u00e2ncias no \u00e2mbito da pr\u00f3pria esquerda, embora por enquanto nenhum candidato forte apare\u00e7am no campo advers\u00e1rio.<\/p>\n<p>Por estes motivos, as elei\u00e7\u00f5es de outubro se anunciam como as mais incertas desde o retorno do Pa\u00eds \u00e0 democracia, em 1985.<\/p>\n","protected":false},"excerpt":{"rendered":"<p>Os partidos de esquerda lan\u00e7aram nesta ter\u00e7a-feira (20) um manifesto de unidade, pensando em uma eventual alian\u00e7a para as elei\u00e7\u00f5es de outubro, ap\u00f3s a derrocada do PT e o futuro incerto do ex-presidente Luiz In\u00e1cio Lula da Silva. A ideia \u00e9 tentar aproximar os programas partid\u00e1rios da esquerda para que a gente possa ter uma &hellip;<\/p>\n","protected":false},"author":2,"featured_media":23838,"comment_status":"open","ping_status":"open","sticky":false,"template":"","format":"standard","meta":{"footnotes":""},"categories":[4],"tags":[],"class_list":["post-24051","post","type-post","status-publish","format-standard","has-post-thumbnail","hentry","category-ultimas-noticias"],"_links":{"self":[{"href":"https:\/\/goiasemtempo.com.br\/home\/wp-json\/wp\/v2\/posts\/24051","targetHints":{"allow":["GET"]}}],"collection":[{"href":"https:\/\/goiasemtempo.com.br\/home\/wp-json\/wp\/v2\/posts"}],"about":[{"href":"https:\/\/goiasemtempo.com.br\/home\/wp-json\/wp\/v2\/types\/post"}],"author":[{"embeddable":true,"href":"https:\/\/goiasemtempo.com.br\/home\/wp-json\/wp\/v2\/users\/2"}],"replies":[{"embeddable":true,"href":"https:\/\/goiasemtempo.com.br\/home\/wp-json\/wp\/v2\/comments?post=24051"}],"version-history":[{"count":1,"href":"https:\/\/goiasemtempo.com.br\/home\/wp-json\/wp\/v2\/posts\/24051\/revisions"}],"predecessor-version":[{"id":24052,"href":"https:\/\/goiasemtempo.com.br\/home\/wp-json\/wp\/v2\/posts\/24051\/revisions\/24052"}],"wp:featuredmedia":[{"embeddable":true,"href":"https:\/\/goiasemtempo.com.br\/home\/wp-json\/wp\/v2\/media\/23838"}],"wp:attachment":[{"href":"https:\/\/goiasemtempo.com.br\/home\/wp-json\/wp\/v2\/media?parent=24051"}],"wp:term":[{"taxonomy":"category","embeddable":true,"href":"https:\/\/goiasemtempo.com.br\/home\/wp-json\/wp\/v2\/categories?post=24051"},{"taxonomy":"post_tag","embeddable":true,"href":"https:\/\/goiasemtempo.com.br\/home\/wp-json\/wp\/v2\/tags?post=24051"}],"curies":[{"name":"wp","href":"https:\/\/api.w.org\/{rel}","templated":true}]}}