{"id":24035,"date":"2018-02-22T06:57:42","date_gmt":"2018-02-22T06:57:42","guid":{"rendered":"https:\/\/goiasemtempo.com.br\/home\/?p=24035"},"modified":"2018-02-22T06:57:42","modified_gmt":"2018-02-22T06:57:42","slug":"cinco-policiais-mortos-em-manifestacoes-sufistas-no-ira","status":"publish","type":"post","link":"https:\/\/goiasemtempo.com.br\/home\/cinco-policiais-mortos-em-manifestacoes-sufistas-no-ira\/","title":{"rendered":"Cinco policiais mortos em manifesta\u00e7\u00f5es sufistas no Ir\u00e3"},"content":{"rendered":"<p>Cinco policiais iranianos morreram e outros 30 ficaram feridos durante manifesta\u00e7\u00f5es organizadas na noite desta segunda-feira (19) por uma irmandade sufista em Teer\u00e3, informou nesta ter\u00e7a-feira (20) a pol\u00edcia local. Mais de 300 pessoas foram detidas.<\/p>\n<p>Um primeiro balan\u00e7o divulgado na segunda-feira informava que tr\u00eas policiais foram mortos durante as manifesta\u00e7\u00f5es dos Dervixes de Gonabadi, membros de irmandade que segue uma corrente m\u00edstica do Isl\u00e3, o sufismo. Os protestos aconteceram em Teer\u00e3 contra a pris\u00e3o de v\u00e1rios integrantes, segundo informa\u00e7\u00f5es n\u00e3o confirmadas nas redes sociais.<\/p>\n<p>A mobiliza\u00e7\u00e3o causou enfrentamentos com a pol\u00edcia e imagens da televis\u00e3o estatal mostraram um \u00f4nibus atropelando um grupo de policiais no norte da capital iraniana, matando tr\u00eas deles.<\/p>\n<p>Nesta ter\u00e7a-feira, o porta-voz da pol\u00edcia, Said Montazer Almehdi, indicou \u00e0 ag\u00eancia Isna que outros membros da mil\u00edcia Basidji, vinculada \u00e0 Guarda da Revolu\u00e7\u00e3o, o ex\u00e9rcito de elite do regime, morreram.<\/p>\n<p>Segundo Almehdi, mais de 300 pessoas foram detidas, entre elas o motorista do \u00f4nibus e v\u00e1rios manifestantes feridos.<\/p>\n","protected":false},"excerpt":{"rendered":"<p>Cinco policiais iranianos morreram e outros 30 ficaram feridos durante manifesta\u00e7\u00f5es organizadas na noite desta segunda-feira (19) por uma irmandade sufista em Teer\u00e3, informou nesta ter\u00e7a-feira (20) a pol\u00edcia local. Mais de 300 pessoas foram detidas. Um primeiro balan\u00e7o divulgado na segunda-feira informava que tr\u00eas policiais foram mortos durante as manifesta\u00e7\u00f5es dos Dervixes de Gonabadi, &hellip;<\/p>\n","protected":false},"author":2,"featured_media":23830,"comment_status":"open","ping_status":"open","sticky":false,"template":"","format":"standard","meta":{"_exactmetrics_skip_tracking":false,"_exactmetrics_sitenote_active":false,"_exactmetrics_sitenote_note":"","_exactmetrics_sitenote_category":0,"footnotes":""},"categories":[4],"tags":[],"_links":{"self":[{"href":"https:\/\/goiasemtempo.com.br\/home\/wp-json\/wp\/v2\/posts\/24035"}],"collection":[{"href":"https:\/\/goiasemtempo.com.br\/home\/wp-json\/wp\/v2\/posts"}],"about":[{"href":"https:\/\/goiasemtempo.com.br\/home\/wp-json\/wp\/v2\/types\/post"}],"author":[{"embeddable":true,"href":"https:\/\/goiasemtempo.com.br\/home\/wp-json\/wp\/v2\/users\/2"}],"replies":[{"embeddable":true,"href":"https:\/\/goiasemtempo.com.br\/home\/wp-json\/wp\/v2\/comments?post=24035"}],"version-history":[{"count":1,"href":"https:\/\/goiasemtempo.com.br\/home\/wp-json\/wp\/v2\/posts\/24035\/revisions"}],"predecessor-version":[{"id":24036,"href":"https:\/\/goiasemtempo.com.br\/home\/wp-json\/wp\/v2\/posts\/24035\/revisions\/24036"}],"wp:featuredmedia":[{"embeddable":true,"href":"https:\/\/goiasemtempo.com.br\/home\/wp-json\/wp\/v2\/media\/23830"}],"wp:attachment":[{"href":"https:\/\/goiasemtempo.com.br\/home\/wp-json\/wp\/v2\/media?parent=24035"}],"wp:term":[{"taxonomy":"category","embeddable":true,"href":"https:\/\/goiasemtempo.com.br\/home\/wp-json\/wp\/v2\/categories?post=24035"},{"taxonomy":"post_tag","embeddable":true,"href":"https:\/\/goiasemtempo.com.br\/home\/wp-json\/wp\/v2\/tags?post=24035"}],"curies":[{"name":"wp","href":"https:\/\/api.w.org\/{rel}","templated":true}]}}