{"id":23737,"date":"2018-02-21T21:37:23","date_gmt":"2018-02-21T21:37:23","guid":{"rendered":"https:\/\/goiasemtempo.com.br\/home\/?p=23737"},"modified":"2018-02-21T21:37:43","modified_gmt":"2018-02-21T21:37:43","slug":"temer-desmente-lula-e-nega-significacao-eleitoral-em-intervencao-no-rio","status":"publish","type":"post","link":"https:\/\/goiasemtempo.com.br\/home\/temer-desmente-lula-e-nega-significacao-eleitoral-em-intervencao-no-rio\/","title":{"rendered":"Temer desmente Lula e nega &#8216;significa\u00e7\u00e3o eleitoral&#8217; em interven\u00e7\u00e3o no Rio"},"content":{"rendered":"<p>&nbsp;<\/p>\n<p>Na manh\u00e3 desta quarta-feira (21), Lula havia afirmado que Temer quer realizar a interven\u00e7\u00e3o federal para avan\u00e7ar sobre &#8220;o nicho de eleitores&#8221; do pr\u00e9-candidato presidencial Jair Bolsonaro (PSC-RJ).<\/p>\n<p>O presidente Michel Temer rebateu na mesma data,\u00a0 quarta-feira (21) o ex-presidente Luiz In\u00e1cio Lula da Silva (PT) e disse que a interven\u00e7\u00e3o federal no Rio de Janeiro n\u00e3o foi motivada por interesses eleitorais.<\/p>\n<p>Em nota, o emedebista afirmou que n\u00e3o seguir\u00e1 em busca de &#8220;aplauso f\u00e1cil&#8221;, que a agenda eleitoral &#8220;n\u00e3o \u00e9 e nem ser\u00e1 causa&#8221; das a\u00e7\u00f5es governamentais e que a iniciativa no Rio de Janeiro n\u00e3o tem &#8220;significa\u00e7\u00e3o eleitoral&#8221;.<\/p>\n<p>&#8220;O presidente reitera que toda e qualquer decis\u00e3o do governo \u00e9 regida exclusivamente para as reais necessidades do pa\u00eds. A agenda eleitoral n\u00e3o \u00e9 nem ser\u00e1 causa das a\u00e7\u00f5es do governo&#8221;, disse.<\/p>\n<p>No mesmo posicionamento, Temer desautorizou o seu marqueteiro, Elsinho Mouco, um dos principais entusiastas de sua candidatura \u00e0 reelei\u00e7\u00e3o.<\/p>\n<p>FICHAS<\/p>\n<p>Em coluna do &#8220;O Globo&#8221;, Elsinho disse que o presidente &#8220;j\u00e1 \u00e9 candidato&#8221; e &#8220;apostou todas as fichas na interven\u00e7\u00e3o federal&#8221; do Rio de Janeiro.<\/p>\n<p>Segundo o emedebista, assessores e colaboradores &#8220;n\u00e3o falam e n\u00e3o t\u00eam autoriza\u00e7\u00e3o para falar em nome do presidente da Rep\u00fablica&#8221;.<\/p>\n<p>A declara\u00e7\u00e3o do marqueteiro irritou o presidente, o que levou o publicit\u00e1rio a emitir uma nota \u00e0 imprensa ressaltando que nunca falou em nome do governo e que se trata de uma opini\u00e3o pessoal.<\/p>\n<p>O foco na seguran\u00e7a p\u00fablica faz parte de estrat\u00e9gia para endurecer a imagem do presidente, na tentativa de reduzir a sua impopularidade e viabiliz\u00e1-lo para uma candidatura \u00e0 reelei\u00e7\u00e3o presidencial.<\/p>\n<p>Segundo pesquisas internas do MDB, a seguran\u00e7a p\u00fablica \u00e9 um dos temas que mais preocupam a popula\u00e7\u00e3o brasileira para a campanha eleitoral deste ano.<\/p>\n","protected":false},"excerpt":{"rendered":"<p>&nbsp; Na manh\u00e3 desta quarta-feira (21), Lula havia afirmado que Temer quer realizar a interven\u00e7\u00e3o federal para avan\u00e7ar sobre &#8220;o nicho de eleitores&#8221; do pr\u00e9-candidato presidencial Jair Bolsonaro (PSC-RJ). O presidente Michel Temer rebateu na mesma data,\u00a0 quarta-feira (21) o ex-presidente Luiz In\u00e1cio Lula da Silva (PT) e disse que a interven\u00e7\u00e3o federal no Rio &hellip;<\/p>\n","protected":false},"author":3,"featured_media":23738,"comment_status":"open","ping_status":"open","sticky":false,"template":"","format":"standard","meta":{"_exactmetrics_skip_tracking":false,"_exactmetrics_sitenote_active":false,"_exactmetrics_sitenote_note":"","_exactmetrics_sitenote_category":0,"footnotes":""},"categories":[2],"tags":[],"_links":{"self":[{"href":"https:\/\/goiasemtempo.com.br\/home\/wp-json\/wp\/v2\/posts\/23737"}],"collection":[{"href":"https:\/\/goiasemtempo.com.br\/home\/wp-json\/wp\/v2\/posts"}],"about":[{"href":"https:\/\/goiasemtempo.com.br\/home\/wp-json\/wp\/v2\/types\/post"}],"author":[{"embeddable":true,"href":"https:\/\/goiasemtempo.com.br\/home\/wp-json\/wp\/v2\/users\/3"}],"replies":[{"embeddable":true,"href":"https:\/\/goiasemtempo.com.br\/home\/wp-json\/wp\/v2\/comments?post=23737"}],"version-history":[{"count":1,"href":"https:\/\/goiasemtempo.com.br\/home\/wp-json\/wp\/v2\/posts\/23737\/revisions"}],"predecessor-version":[{"id":23739,"href":"https:\/\/goiasemtempo.com.br\/home\/wp-json\/wp\/v2\/posts\/23737\/revisions\/23739"}],"wp:featuredmedia":[{"embeddable":true,"href":"https:\/\/goiasemtempo.com.br\/home\/wp-json\/wp\/v2\/media\/23738"}],"wp:attachment":[{"href":"https:\/\/goiasemtempo.com.br\/home\/wp-json\/wp\/v2\/media?parent=23737"}],"wp:term":[{"taxonomy":"category","embeddable":true,"href":"https:\/\/goiasemtempo.com.br\/home\/wp-json\/wp\/v2\/categories?post=23737"},{"taxonomy":"post_tag","embeddable":true,"href":"https:\/\/goiasemtempo.com.br\/home\/wp-json\/wp\/v2\/tags?post=23737"}],"curies":[{"name":"wp","href":"https:\/\/api.w.org\/{rel}","templated":true}]}}