{"id":23590,"date":"2018-02-21T01:51:14","date_gmt":"2018-02-21T01:51:14","guid":{"rendered":"https:\/\/goiasemtempo.com.br\/home\/?p=23590"},"modified":"2018-02-21T01:51:14","modified_gmt":"2018-02-21T01:51:14","slug":"esporte-apoiado-pelo-governo-de-goias-e-destaque-em-jornal","status":"publish","type":"post","link":"https:\/\/goiasemtempo.com.br\/home\/esporte-apoiado-pelo-governo-de-goias-e-destaque-em-jornal\/","title":{"rendered":"Esporte apoiado pelo Governo de Goi\u00e1s \u00e9 destaque em jornal"},"content":{"rendered":"<p>Tr\u00eas reportagens de O Popular publicadas neste s\u00e1bado, dia 17, destacam as a\u00e7\u00f5es de apoio do Governo de Goi\u00e1s, por meio da Secretaria de Educa\u00e7\u00e3o, Cultura e Esporte (Seduce), ao esporte no Estado.<\/p>\n<p>Uma delas ressalta a partida disputada na noite de s\u00e1bado, dia 17, entre o Seduce\/Monte Cristo\/Artesanal e a equipe do V\u00f4lei Um\/Itapetininga (SP). O jogo, que foi prestigiado pela secret\u00e1ria Raquel Teixeira, foi na arena do Monte Cristo na Cidade Jardim dentro da quarta rodada da Superliga B.<\/p>\n<p>O jornal mostrou tamb\u00e9m os \u00faltimos retoques no Goi\u00e2nia Arena, gin\u00e1sio que sediar\u00e1 esta semana os jogos da Sele\u00e7\u00e3o Brasileira Masculina de Basquete contra a Col\u00f4mbia e o Chile. As disputas fazem parte das eliminat\u00f3rias das Am\u00e9ricas para a Copa do Mundo Fiba 2019.<\/p>\n<p>A terceira reportagem destaca a convoca\u00e7\u00e3o de tr\u00eas atletas da For\u00e7a Atl\u00e9tica \u2013 Juliana Morgana, Abyda Rafaella e Giulia de Pieri \u2013 para a Sele\u00e7\u00e3o J\u00fanior Feminina de Handebol do Brasil, que se prepara para disputar em breve o Pan-Americano e classificar a Sele\u00e7\u00e3o para o Campeonato Mundial de 2019.<\/p>\n<p>No dia 16, sexta-feira, as tr\u00eas jovens atletas fizeram quest\u00e3o de agradecer pessoalmente a secret\u00e1ria Raquel Teixeira pelo apoio que o Governo de Goi\u00e1s tem dado ao time por meio do Pr\u00f3-Esporte, programa da Seduce que custeia atletas de diversas modalidades em todo o Estado.<\/p>\n","protected":false},"excerpt":{"rendered":"<p>Tr\u00eas reportagens de O Popular publicadas neste s\u00e1bado, dia 17, destacam as a\u00e7\u00f5es de apoio do Governo de Goi\u00e1s, por meio da Secretaria de Educa\u00e7\u00e3o, Cultura e Esporte (Seduce), ao esporte no Estado. Uma delas ressalta a partida disputada na noite de s\u00e1bado, dia 17, entre o Seduce\/Monte Cristo\/Artesanal e a equipe do V\u00f4lei Um\/Itapetininga &hellip;<\/p>\n","protected":false},"author":2,"featured_media":23224,"comment_status":"open","ping_status":"open","sticky":false,"template":"","format":"standard","meta":{"footnotes":""},"categories":[4],"tags":[],"class_list":["post-23590","post","type-post","status-publish","format-standard","has-post-thumbnail","hentry","category-ultimas-noticias"],"_links":{"self":[{"href":"https:\/\/goiasemtempo.com.br\/home\/wp-json\/wp\/v2\/posts\/23590","targetHints":{"allow":["GET"]}}],"collection":[{"href":"https:\/\/goiasemtempo.com.br\/home\/wp-json\/wp\/v2\/posts"}],"about":[{"href":"https:\/\/goiasemtempo.com.br\/home\/wp-json\/wp\/v2\/types\/post"}],"author":[{"embeddable":true,"href":"https:\/\/goiasemtempo.com.br\/home\/wp-json\/wp\/v2\/users\/2"}],"replies":[{"embeddable":true,"href":"https:\/\/goiasemtempo.com.br\/home\/wp-json\/wp\/v2\/comments?post=23590"}],"version-history":[{"count":1,"href":"https:\/\/goiasemtempo.com.br\/home\/wp-json\/wp\/v2\/posts\/23590\/revisions"}],"predecessor-version":[{"id":23591,"href":"https:\/\/goiasemtempo.com.br\/home\/wp-json\/wp\/v2\/posts\/23590\/revisions\/23591"}],"wp:featuredmedia":[{"embeddable":true,"href":"https:\/\/goiasemtempo.com.br\/home\/wp-json\/wp\/v2\/media\/23224"}],"wp:attachment":[{"href":"https:\/\/goiasemtempo.com.br\/home\/wp-json\/wp\/v2\/media?parent=23590"}],"wp:term":[{"taxonomy":"category","embeddable":true,"href":"https:\/\/goiasemtempo.com.br\/home\/wp-json\/wp\/v2\/categories?post=23590"},{"taxonomy":"post_tag","embeddable":true,"href":"https:\/\/goiasemtempo.com.br\/home\/wp-json\/wp\/v2\/tags?post=23590"}],"curies":[{"name":"wp","href":"https:\/\/api.w.org\/{rel}","templated":true}]}}