{"id":23582,"date":"2018-02-21T01:47:52","date_gmt":"2018-02-21T01:47:52","guid":{"rendered":"https:\/\/goiasemtempo.com.br\/home\/?p=23582"},"modified":"2018-02-21T01:47:52","modified_gmt":"2018-02-21T01:47:52","slug":"segovia-diz-ao-stf-que-nao-pretendeu-interferir-em-investigacao-sobre-temer","status":"publish","type":"post","link":"https:\/\/goiasemtempo.com.br\/home\/segovia-diz-ao-stf-que-nao-pretendeu-interferir-em-investigacao-sobre-temer\/","title":{"rendered":"Seg\u00f3via diz ao STF que n\u00e3o pretendeu interferir em investiga\u00e7\u00e3o sobre Temer"},"content":{"rendered":"<p>O diretor-geral da Pol\u00edcia Federal (PF), Fernando Seg\u00f3via, disse hoje (19) ao ministro do ministro do Supremo Tribunal Federal (STF) Lu\u00eds Roberto Barroso que n\u00e3o pretendeu \u201cinterferir, antecipar conclus\u00f5es ou induzir o arquivamento\u201d do inqu\u00e9rito sobre o presidente Michel Temer.<\/p>\n<p>A explica\u00e7\u00e3o de Seg\u00f3via foi levada pessoalmente no fim da tarde ao ministro, relator do inqu\u00e9rito, ap\u00f3s o magistrado cobrar explica\u00e7\u00f5es do diretor-geral da PF sobre uma entrevista dada \u00e0 Ag\u00eancia Reuters na semana passada.<\/p>\n<p>Na entrevista, Segovia disse que, no inqu\u00e9rito em que Temer e outros acusados s\u00e3o investigados pela PF, com autoriza\u00e7\u00e3o do ministro Barroso, os ind\u00edcios s\u00e3o muito fr\u00e1geis e sugeriu que o inqu\u00e9rito pode at\u00e9 concluir que n\u00e3o houve crime.<\/p>\n<p>Ao ministro, Segovia ressaltou que suas declara\u00e7\u00f5es foram \u2018distorcidas e mal interpretadas\u201d, que n\u00e3o teve inten\u00e7\u00e3o de amea\u00e7ar com san\u00e7\u00f5es o delegado respons\u00e1vel pelo caso e tamb\u00e9m se comprometeu a n\u00e3o dar mais declara\u00e7\u00f5es sobre a investiga\u00e7\u00e3o.<\/p>\n<p>O encontro entre o ministro e o diretor-geral da Pol\u00edcia Federal durou 30 minutos, mas n\u00e3o houve declara\u00e7\u00f5es p\u00fablicas.<\/p>\n<p>Temer, o ex-deputado Rodrigo Rocha Loures e os empres\u00e1rios Ricardo Conrado Mesquita e Ant\u00f4nio Celso Grecco, ambos ligados \u00e0 Rodrimar, que opera no Porto de Santos, s\u00e3o acusados pelo suposto favorecimento da empresa por meio da edi\u00e7\u00e3o do chamado Decreto dos Portos (Decreto 9.048\/2017).<\/p>\n<p>Em janeiro, ao responder por escrito aos questionamentos dos delegados respons\u00e1veis pelo caso, a defesa do presidente Temer declarou que ele nunca foi procurado por empres\u00e1rios do setor portu\u00e1rio para tratar da edi\u00e7\u00e3o do decreto. Sobre o ex-deputado Rocha Loures, um dos investigados no inqu\u00e9rito, Temer disse que nunca o autorizou a fazer tratativas em seu nome. Pe\u00e7o v\u00eania para real\u00e7ar a impertin\u00eancia de tal quest\u00e3o, por colocar em d\u00favida a minha honorabilidade e dignidade pessoal, escreveu.<\/p>\n<p>Edi\u00e7\u00e3o: N\u00e1dia Franco<\/p>\n","protected":false},"excerpt":{"rendered":"<p>O diretor-geral da Pol\u00edcia Federal (PF), Fernando Seg\u00f3via, disse hoje (19) ao ministro do ministro do Supremo Tribunal Federal (STF) Lu\u00eds Roberto Barroso que n\u00e3o pretendeu \u201cinterferir, antecipar conclus\u00f5es ou induzir o arquivamento\u201d do inqu\u00e9rito sobre o presidente Michel Temer. A explica\u00e7\u00e3o de Seg\u00f3via foi levada pessoalmente no fim da tarde ao ministro, relator do &hellip;<\/p>\n","protected":false},"author":2,"featured_media":23220,"comment_status":"open","ping_status":"open","sticky":false,"template":"","format":"standard","meta":{"_exactmetrics_skip_tracking":false,"_exactmetrics_sitenote_active":false,"_exactmetrics_sitenote_note":"","_exactmetrics_sitenote_category":0,"footnotes":""},"categories":[4],"tags":[],"_links":{"self":[{"href":"https:\/\/goiasemtempo.com.br\/home\/wp-json\/wp\/v2\/posts\/23582"}],"collection":[{"href":"https:\/\/goiasemtempo.com.br\/home\/wp-json\/wp\/v2\/posts"}],"about":[{"href":"https:\/\/goiasemtempo.com.br\/home\/wp-json\/wp\/v2\/types\/post"}],"author":[{"embeddable":true,"href":"https:\/\/goiasemtempo.com.br\/home\/wp-json\/wp\/v2\/users\/2"}],"replies":[{"embeddable":true,"href":"https:\/\/goiasemtempo.com.br\/home\/wp-json\/wp\/v2\/comments?post=23582"}],"version-history":[{"count":1,"href":"https:\/\/goiasemtempo.com.br\/home\/wp-json\/wp\/v2\/posts\/23582\/revisions"}],"predecessor-version":[{"id":23583,"href":"https:\/\/goiasemtempo.com.br\/home\/wp-json\/wp\/v2\/posts\/23582\/revisions\/23583"}],"wp:featuredmedia":[{"embeddable":true,"href":"https:\/\/goiasemtempo.com.br\/home\/wp-json\/wp\/v2\/media\/23220"}],"wp:attachment":[{"href":"https:\/\/goiasemtempo.com.br\/home\/wp-json\/wp\/v2\/media?parent=23582"}],"wp:term":[{"taxonomy":"category","embeddable":true,"href":"https:\/\/goiasemtempo.com.br\/home\/wp-json\/wp\/v2\/categories?post=23582"},{"taxonomy":"post_tag","embeddable":true,"href":"https:\/\/goiasemtempo.com.br\/home\/wp-json\/wp\/v2\/tags?post=23582"}],"curies":[{"name":"wp","href":"https:\/\/api.w.org\/{rel}","templated":true}]}}