{"id":23553,"date":"2018-02-21T01:35:24","date_gmt":"2018-02-21T01:35:24","guid":{"rendered":"https:\/\/goiasemtempo.com.br\/home\/?p=23553"},"modified":"2018-02-21T01:35:24","modified_gmt":"2018-02-21T01:35:24","slug":"moraes-defende-execucao-penal-mais-dura-para-membros-do-crime-organizado","status":"publish","type":"post","link":"https:\/\/goiasemtempo.com.br\/home\/moraes-defende-execucao-penal-mais-dura-para-membros-do-crime-organizado\/","title":{"rendered":"Moraes defende execu\u00e7\u00e3o penal mais dura para membros do crime organizado"},"content":{"rendered":"<p>O ministro do Supremo Tribunal Federal (STF) Alexandre de Moraes defendeu hoje (19) o endurecimento da execu\u00e7\u00e3o penal para condenados membros de organiza\u00e7\u00f5es criminosas. \u201cO Brasil n\u00e3o pode continuar a tratar a execu\u00e7\u00e3o da pena daquele que furta da mesma forma daquele que \u00e9 um traficante de armas, de drogas\u201d, disse Moraes durante reuni\u00e3o sobre o tema, organizada pelo Conselho Nacional de Procuradores-Gerais. A execu\u00e7\u00e3o penal trata, entre outros pontos, dos direitos dos presos e as possibilidades de progress\u00e3o de regime.<\/p>\n<p>Segundo Moraes, as mudan\u00e7as feitas na legisla\u00e7\u00e3o at\u00e9 agora para combater as quadrilhas t\u00eam tido poucos efeitos pr\u00e1ticos. \u201cPor muito tempo, a meu ver foi um erro no Brasil, as \u00fanicas propostas legislativas levadas ao Congresso Nacional para o combate \u00e0 criminalidade foram de aumento de pena. N\u00e3o \u00e9 isso que transforma o combate \u00e0 criminalidade algo mais eficiente\u201d, enfatizou.<br \/>\nBras\u00edlia &#8211; O Ministro do STF Alexandre de Moraes participa do 8 Workshop sobre o Sistema Penitenci\u00e1rio Federal, promovido pelo Conselho da Justi\u00e7a Federal e o Departamento Penitenci\u00e1rio Nacional (Marcello Casal Jr<\/p>\n<p>Ministro do STF Alexandre de Moraes<\/p>\n<p>Para o ministro, \u00e9 preciso melhorar a investiga\u00e7\u00e3o e agilizar a tramita\u00e7\u00e3o dos processos. \u201cS\u00e3o necess\u00e1rias medidas expressivas e tecnologicamente mais modernas na investiga\u00e7\u00e3o. H\u00e1 necessidade de um processo mais r\u00e1pido e, principalmente, um endurecimento na execu\u00e7\u00e3o penal da criminalidade organizada\u201d, acrescentou.<\/p>\n<p>Moraes preside a comiss\u00e3o da C\u00e2mara dos Deputados respons\u00e1vel por elaborar um anteprojeto de lei para combater o tr\u00e1fico de drogas e armas no pa\u00eds. Nesta segunda-feira, o grupo recebeu contribui\u00e7\u00f5es dos procuradores-gerais para compor o texto.<\/p>\n<p>Entre as medidas apresentadas pelos chefes dos minist\u00e9rios p\u00fablicos estaduais, est\u00e1 a possibilidade de facilitar a perda de bens utilizados por organiza\u00e7\u00f5es criminosas e a tipifica\u00e7\u00e3o, endurecendo a aplica\u00e7\u00e3o da pena, para membros desses grupos nas leis que tratam de drogas e armas.<\/p>\n<p>Alexandre de Moraes evitou comentar quest\u00f5es relativas \u00e0 interven\u00e7\u00e3o federal na seguran\u00e7a p\u00fablica do Rio de Janeiro. Segundo ele, a medida devPoliciais atiram por engano em vigilante de banco no Rio<br \/>\n2-3 minutos<\/p>\n<p>Policiais militares (PMs) balearam por engano na manh\u00e3 de hoje (19) o vigilante de uma ag\u00eancia banc\u00e1ria na zona sul da cidade do Rio de Janeiro. Segundo a Pol\u00edcia Militar, agentes do Batalh\u00e3o de Botafogo (2\u00ba BPM) foram chamados para atender a uma ocorr\u00eancia de roubo a banco em Laranjeiras. Ao chegar, eles perceberam que a ag\u00eancia tinha sido arrombada com um ma\u00e7arico.<\/p>\n<p>Ainda de acordo com a PM, enquanto os policiais verificavam o que havia acontecido, apareceu um homem armado, \u00e0 paisana (sem o uniforme da empresa), que se virou na dire\u00e7\u00e3o dos agentes e do gerente do banco, que acompanhava os policiais.<\/p>\n<p>Nesse momento, os policiais atiraram no homem, que foi socorrido e levado para o Hospital Souza Aguiar. S\u00f3 mais tarde, segundo a PM, a v\u00edtima foi identificada como seguran\u00e7a patrimonial do banco. A ocorr\u00eancia foi registrada na Delegacia de Botafogo (10\u00aa DP).<\/p>\n<p>Outro disparo acidental<\/p>\n<p>Em outra ocorr\u00eancia de disparo acidental no Rio de Janeiro, uma mulher ficou ferida depois que uma arma da Pol\u00edcia Militar disparou sozinha. Segundo a PM, a arma estava dentro do carro e foi acionada quando os policiais sa\u00edram da viatura e bateram a porta.<\/p>\n<p>A PM informou que os policiais deixaram a arma dentro do carro porque entrariam no pr\u00e9dio do Minist\u00e9rio P\u00fablico do Trabalho, onde \u00e9 proibida a entrada de armamento. A arma estava voltada para o ch\u00e3o quando disparou.<\/p>\n<p>A pol\u00edcia n\u00e3o soube informar se a mulher, que passava na rua no momento do disparo, foi atingida por estilha\u00e7os de bala ou do asfalto. Ela foi encaminhada para o Hospital Souza Aguiar. O caso ser\u00e1 apurado pelo Batalh\u00e3o de Choque.<\/p>\n<p>Edi\u00e7\u00e3o: N\u00e1dia Franco<br \/>\ne ser apreciada pelo STF eSecretaria confirma identidade de supostos integrantes do PCC mortos no Cear\u00e1<br \/>\n2-3 minutos<\/p>\n<p>A Secretaria da Seguran\u00e7a P\u00fablica e Defesa Social do Cear\u00e1 (SSPDS) confirmou, no in\u00edcio da tarde de hoje (19), a identidade dos dois homens encontrados mortos na sexta-feira (16) em um matagal no munic\u00edpio de Aquiraz, na regi\u00e3o metropolitana de Fortaleza: Rog\u00e9rio Jeremias de Simone, de 41 anos, e Fabiano Alves de Sousa, de 38 anos.<\/p>\n<p>Eles s\u00e3o apontados como integrantes da fac\u00e7\u00e3o criminosa Primeiro Comando da Capital (PCC). Rog\u00e9rio, conhecido como Geg\u00ea do Mangue, seria a lideran\u00e7a do grupo. A identifica\u00e7\u00e3o foi feita por meio de necropapiloscopia, que \u00e9 a an\u00e1lise das papilas d\u00e9rmicas.<\/p>\n<p>Familiares dos dois homens est\u00e3o em Fortaleza para a libera\u00e7\u00e3o dos corpos. A sede da Pefoce recebeu refor\u00e7o na seguran\u00e7a durante a perman\u00eancia dos corpos no local. Segundo a secretaria, a medida foi tomada por \u201cprecau\u00e7\u00e3o\u201d. O \u00f3rg\u00e3o tamb\u00e9m informa que a Pol\u00edcia Civil est\u00e1 investigando as circunst\u00e2ncias do crime.<\/p>\n<p>As mortes motivaram o Minist\u00e9rio da Justi\u00e7a a antecipar o envio de for\u00e7a-tarefa para refor\u00e7ar as opera\u00e7\u00f5es de intelig\u00eancia no combate ao crime organizado no Cear\u00e1. Uma equipe de 36 policiais federais e agentes da For\u00e7a Nacional de Seguran\u00e7a P\u00fablica desembarcaram na madrugada de hoje (19) na Base A\u00e9rea de Fortaleza e j\u00e1 participaram de reuni\u00e3o com as pol\u00edcia locais para organizar as demandas.<\/p>\n<p>O envio da for\u00e7a-tarefa j\u00e1 era previsto como parte do compromisso do Minist\u00e9rio da Justi\u00e7a de apoiar as investiga\u00e7\u00f5es da chacina que vitimou 14 pessoas no bairro Cajazeiras, na periferia de Fortaleza, e do assassinato de 10 presos em uma cadeia p\u00fablica do interior do estado. Os crimes teriam sido motivados por um conflito entre fac\u00e7\u00f5es criminosas.<\/p>\n<p>Edi\u00e7\u00e3o: Luana Louren\u00e7o<\/p>\n","protected":false},"excerpt":{"rendered":"<p>O ministro do Supremo Tribunal Federal (STF) Alexandre de Moraes defendeu hoje (19) o endurecimento da execu\u00e7\u00e3o penal para condenados membros de organiza\u00e7\u00f5es criminosas. \u201cO Brasil n\u00e3o pode continuar a tratar a execu\u00e7\u00e3o da pena daquele que furta da mesma forma daquele que \u00e9 um traficante de armas, de drogas\u201d, disse Moraes durante reuni\u00e3o sobre &hellip;<\/p>\n","protected":false},"author":2,"featured_media":23205,"comment_status":"open","ping_status":"open","sticky":false,"template":"","format":"standard","meta":{"footnotes":""},"categories":[4],"tags":[],"class_list":["post-23553","post","type-post","status-publish","format-standard","has-post-thumbnail","hentry","category-ultimas-noticias"],"_links":{"self":[{"href":"https:\/\/goiasemtempo.com.br\/home\/wp-json\/wp\/v2\/posts\/23553","targetHints":{"allow":["GET"]}}],"collection":[{"href":"https:\/\/goiasemtempo.com.br\/home\/wp-json\/wp\/v2\/posts"}],"about":[{"href":"https:\/\/goiasemtempo.com.br\/home\/wp-json\/wp\/v2\/types\/post"}],"author":[{"embeddable":true,"href":"https:\/\/goiasemtempo.com.br\/home\/wp-json\/wp\/v2\/users\/2"}],"replies":[{"embeddable":true,"href":"https:\/\/goiasemtempo.com.br\/home\/wp-json\/wp\/v2\/comments?post=23553"}],"version-history":[{"count":1,"href":"https:\/\/goiasemtempo.com.br\/home\/wp-json\/wp\/v2\/posts\/23553\/revisions"}],"predecessor-version":[{"id":23554,"href":"https:\/\/goiasemtempo.com.br\/home\/wp-json\/wp\/v2\/posts\/23553\/revisions\/23554"}],"wp:featuredmedia":[{"embeddable":true,"href":"https:\/\/goiasemtempo.com.br\/home\/wp-json\/wp\/v2\/media\/23205"}],"wp:attachment":[{"href":"https:\/\/goiasemtempo.com.br\/home\/wp-json\/wp\/v2\/media?parent=23553"}],"wp:term":[{"taxonomy":"category","embeddable":true,"href":"https:\/\/goiasemtempo.com.br\/home\/wp-json\/wp\/v2\/categories?post=23553"},{"taxonomy":"post_tag","embeddable":true,"href":"https:\/\/goiasemtempo.com.br\/home\/wp-json\/wp\/v2\/tags?post=23553"}],"curies":[{"name":"wp","href":"https:\/\/api.w.org\/{rel}","templated":true}]}}