{"id":23545,"date":"2018-02-21T00:37:57","date_gmt":"2018-02-21T00:37:57","guid":{"rendered":"https:\/\/goiasemtempo.com.br\/home\/?p=23545"},"modified":"2018-02-21T00:37:57","modified_gmt":"2018-02-21T00:37:57","slug":"forca-tarefa-chega-ao-ceara-para-reforcar-acoes-contra-o-crime-organizado","status":"publish","type":"post","link":"https:\/\/goiasemtempo.com.br\/home\/forca-tarefa-chega-ao-ceara-para-reforcar-acoes-contra-o-crime-organizado\/","title":{"rendered":"For\u00e7a-tarefa chega ao Cear\u00e1 para refor\u00e7ar a\u00e7\u00f5es contra o crime organizado"},"content":{"rendered":"<p>Os 36 integrantes da for\u00e7a-tarefa enviada ao Cear\u00e1 pelo Minist\u00e9rio da Justi\u00e7a (MJ) desembarcaram na madrugada de hoje (19) na Base A\u00e9rea de Fortaleza e se unem \u00e0s for\u00e7as de seguran\u00e7a locais em a\u00e7\u00f5es contra o crime organizado.<\/p>\n<p>O grupo, comandado pelo almirante Alexandre Mota, secret\u00e1rio-adjunto da Secretaria Nacional de Seguran\u00e7a P\u00fablica (Senasp\/MJ), \u00e9 formado por 26 policiais federais e 10 policiais da For\u00e7a Nacional de Seguran\u00e7a P\u00fablica, que atuar\u00e3o em opera\u00e7\u00f5es de intelig\u00eancia. A primeira atividade deles na cidade \u00e9 uma reuni\u00e3o com as pol\u00edcias do estado para organizar as demandas.<\/p>\n<p>O envio da for\u00e7a-tarefa j\u00e1 estava previsto desde o in\u00edcio do m\u00eas, quando o Minist\u00e9rio da Justi\u00e7a se comprometeu com o governo do Cear\u00e1 a apoiar a\u00e7\u00f5es de combate ao crime organizado depois da chacina que vitimou 14 pessoas no bairro Cajazeiras, na periferia de Fortaleza, e do assassinato de 10 presos em uma cadeia p\u00fablica do interior do estado. Os crimes teriam sido motivados por um conflito entre fac\u00e7\u00f5es criminosas. Segundo o minist\u00e9rio, 50 policiais da For\u00e7a Nacional est\u00e3o no estado h\u00e1 tr\u00eas semanas apoiando as for\u00e7as de seguran\u00e7a locais.<\/p>\n<p>A antecipa\u00e7\u00e3o da vinda dos policiais para Fortaleza se deve \u00e0 morte de dois homens. Os corpos foram encontrados em um matagal no munic\u00edpio de Aquiraz, na regi\u00e3o metropolitana de Fortaleza , e encaminhados para a Pol\u00edcia Forense do Cear\u00e1 (Pefoce).<\/p>\n<p>A Secretaria da Seguran\u00e7a P\u00fablica n\u00e3o confirma a identidade dos dois homens. Em nota, o \u00f3rg\u00e3o disse que ser\u00e3o realizados exames de necropapiloscopia ou de DNA para a identifica\u00e7\u00e3o e que a Pol\u00edcia Civil realiza dilig\u00eancias para localizar os autores dos crimes.<\/p>\n<p>Edi\u00e7\u00e3o: Lidia Neves<\/p>\n","protected":false},"excerpt":{"rendered":"<p>Os 36 integrantes da for\u00e7a-tarefa enviada ao Cear\u00e1 pelo Minist\u00e9rio da Justi\u00e7a (MJ) desembarcaram na madrugada de hoje (19) na Base A\u00e9rea de Fortaleza e se unem \u00e0s for\u00e7as de seguran\u00e7a locais em a\u00e7\u00f5es contra o crime organizado. O grupo, comandado pelo almirante Alexandre Mota, secret\u00e1rio-adjunto da Secretaria Nacional de Seguran\u00e7a P\u00fablica (Senasp\/MJ), \u00e9 formado &hellip;<\/p>\n","protected":false},"author":2,"featured_media":23202,"comment_status":"open","ping_status":"open","sticky":false,"template":"","format":"standard","meta":{"_exactmetrics_skip_tracking":false,"_exactmetrics_sitenote_active":false,"_exactmetrics_sitenote_note":"","_exactmetrics_sitenote_category":0,"footnotes":""},"categories":[4],"tags":[],"_links":{"self":[{"href":"https:\/\/goiasemtempo.com.br\/home\/wp-json\/wp\/v2\/posts\/23545"}],"collection":[{"href":"https:\/\/goiasemtempo.com.br\/home\/wp-json\/wp\/v2\/posts"}],"about":[{"href":"https:\/\/goiasemtempo.com.br\/home\/wp-json\/wp\/v2\/types\/post"}],"author":[{"embeddable":true,"href":"https:\/\/goiasemtempo.com.br\/home\/wp-json\/wp\/v2\/users\/2"}],"replies":[{"embeddable":true,"href":"https:\/\/goiasemtempo.com.br\/home\/wp-json\/wp\/v2\/comments?post=23545"}],"version-history":[{"count":1,"href":"https:\/\/goiasemtempo.com.br\/home\/wp-json\/wp\/v2\/posts\/23545\/revisions"}],"predecessor-version":[{"id":23546,"href":"https:\/\/goiasemtempo.com.br\/home\/wp-json\/wp\/v2\/posts\/23545\/revisions\/23546"}],"wp:featuredmedia":[{"embeddable":true,"href":"https:\/\/goiasemtempo.com.br\/home\/wp-json\/wp\/v2\/media\/23202"}],"wp:attachment":[{"href":"https:\/\/goiasemtempo.com.br\/home\/wp-json\/wp\/v2\/media?parent=23545"}],"wp:term":[{"taxonomy":"category","embeddable":true,"href":"https:\/\/goiasemtempo.com.br\/home\/wp-json\/wp\/v2\/categories?post=23545"},{"taxonomy":"post_tag","embeddable":true,"href":"https:\/\/goiasemtempo.com.br\/home\/wp-json\/wp\/v2\/tags?post=23545"}],"curies":[{"name":"wp","href":"https:\/\/api.w.org\/{rel}","templated":true}]}}