{"id":23445,"date":"2018-02-20T23:55:31","date_gmt":"2018-02-20T23:55:31","guid":{"rendered":"https:\/\/goiasemtempo.com.br\/home\/?p=23445"},"modified":"2018-02-20T23:55:31","modified_gmt":"2018-02-20T23:55:31","slug":"o-destino-de-merkel-nas-maos-dos-militantes-socialdemocratas-na-alemanha-2","status":"publish","type":"post","link":"https:\/\/goiasemtempo.com.br\/home\/o-destino-de-merkel-nas-maos-dos-militantes-socialdemocratas-na-alemanha-2\/","title":{"rendered":"O destino de Merkel nas m\u00e3os dos militantes socialdemocratas na Alemanha"},"content":{"rendered":"<p>O Partido Socialdemocrata Alem\u00e3o (SPD) lan\u00e7a neste s\u00e1bado (17) uma campanha para convencer seus membros a aprovarem um governo com a chanceler conservadora Angela Merkel, cinco meses depois das elei\u00e7\u00f5es legislativas na primeira economia europeia.<\/p>\n<p>A vota\u00e7\u00e3o dos cerca de 464.000 afiliados do SPD \u00e9 vital para a presidente, que ganhou as elei\u00e7\u00f5es de 24 de setembro, mas n\u00e3o obteve maioria clara no Parlamento.<\/p>\n<p>Estou convencida de que os bons argumentos convencem, afirmou Andrea Nahles, que, salvo alguma surpresa, ser\u00e1 no final de abril a primeira mulher a dirigir o partido.<\/p>\n<p>Ela est\u00e1 em Hamburgo para uma s\u00e9rie de confer\u00eancias para defender a nova grande coaliz\u00e3o (GroKo) diante das bases da sigla.<\/p>\n<p>A consulta, que come\u00e7a na ter\u00e7a-feira (20), chega em um momento complicado para o partido mais antigo da Alemanha, o qual n\u00e3o para de cair nas pesquisas.<\/p>\n<p>&#8211; Erros &#8211;<\/p>\n<p>\u00c9 incontest\u00e1vel que todos cometemos erros nesses \u00faltimos meses e que provocaram cr\u00edticas da base, admitiu Nahles, em entrevista \u00e0 revista Der Spiegel.<\/p>\n<p>Reagimos a essas cr\u00edticas, garantiu.<\/p>\n<p>N\u00e3o posso constatar que a base tenha ficado insatisfeita, acrescentou.<\/p>\n<p>Uma pesquisa da televis\u00e3o p\u00fablica ARD atribui ao SPD 16% das inten\u00e7\u00f5es de voto, apenas um ponto \u00e0 frente do partido de extrema direita Alternativa para a Alemanha (AfD). Em setembro, os socialdemocratas haviam conseguido 20,5% dos votos, seu piso hist\u00f3rico.<\/p>\n<p>Os resultados da vota\u00e7\u00e3o do SPD ser\u00e3o conhecidos em 4 de mar\u00e7o.<\/p>\n<p>Se os militantes aprovarem um governo de coaliz\u00e3o com os conservadores, Merkel &#8211; h\u00e1 mais de 12 anos no comando do pa\u00eds &#8211; poder\u00e1 iniciar seu quarto mandato.<\/p>\n<p>Caso contr\u00e1rio, o contrato de coaliz\u00e3o firmado por conservadores e socialdemocratas ap\u00f3s extenuantes negocia\u00e7\u00f5es ser\u00e1 letra morta, e a Alemanha se dirigir\u00e1, muito provavelmente, para elei\u00e7\u00f5es antecipadas. E, delas, o AfD pode ser um dos beneficiados.<\/p>\n<p>&#8211; Guerra de l\u00edderes &#8211;<\/p>\n<p>A miss\u00e3o de Andrea Nahles tamb\u00e9m consistir\u00e1 em restabelecer a calma depois dos ajustes de contas entre dirigentes e que provocaram, na \u00faltima ter\u00e7a-feira, a ren\u00fancia do presidente do partido, Martin Schulz.<\/p>\n<p>As velhas lutas de poder entre os homens prejudicaram o partido, criticou Manuela Schwesig, uma vice-presidente do partido, em entrevista ao jornal Schweriner Volkszeitung.<\/p>\n<p>N\u00f3s, mulheres, vamos agir de outra forma, prometeu.<\/p>\n<p>Recebido como um salvador h\u00e1 apenas um ano, Schulz, que durante meses esteve perto de Merkel nas pesquisas, levou o partido para uma derrota hist\u00f3rica nas legislativas, marcadas pela ascens\u00e3o do AfD.<\/p>\n<p>Depois de proclamarem que preferiam regenerar o partido na oposi\u00e7\u00e3o, os dirigentes socialdemocratas mudaram de ideia, ap\u00f3s o fracasso em novembro das negocia\u00e7\u00f5es entre conservadores, liberais e Verdes para formar governo.<\/p>\n<p>O giro n\u00e3o caiu bem para a milit\u00e2ncia. Muitos consideram que o partido se afastou de suas ra\u00edzes de esquerda e perdeu a confian\u00e7a do eleitorado.<\/p>\n<p>A gota d\u00e1gua foi a vontade de Schulz de ocupar o Minist\u00e9rio das Rela\u00e7\u00f5es Exteriores no futuro governo, embora tenha jurado que nunca entraria em um Executivo com Merkel.<\/p>\n<p>Nahles quer se concentrar no conte\u00fado do contrato de coaliz\u00e3o que, segundo ela, tem uma forte digital socialdemocrata.<\/p>\n<p>O SPD conseguiu, de fato, v\u00e1rias concess\u00f5es em mat\u00e9ria de sa\u00fade, ou de emprego, al\u00e9m de seis minist\u00e9rios, incluindo o das Rela\u00e7\u00f5es Exteriores e o das Finan\u00e7as. Este \u00faltimo foi durante anos propriedade dos conservadores.<\/p>\n<p>Apesar das dificuldades, uma sondagem do Instituto Kantar Emnid divulgada na sexta-feira revela um dado animador para os dirigentes socialdemocratas: dois ter\u00e7os de seus simpatizantes se mostram a favor de uma coaliz\u00e3o com os conservadores.<\/p>\n","protected":false},"excerpt":{"rendered":"<p>O Partido Socialdemocrata Alem\u00e3o (SPD) lan\u00e7a neste s\u00e1bado (17) uma campanha para convencer seus membros a aprovarem um governo com a chanceler conservadora Angela Merkel, cinco meses depois das elei\u00e7\u00f5es legislativas na primeira economia europeia. A vota\u00e7\u00e3o dos cerca de 464.000 afiliados do SPD \u00e9 vital para a presidente, que ganhou as elei\u00e7\u00f5es de 24 &hellip;<\/p>\n","protected":false},"author":2,"featured_media":23151,"comment_status":"open","ping_status":"open","sticky":false,"template":"","format":"standard","meta":{"_exactmetrics_skip_tracking":false,"_exactmetrics_sitenote_active":false,"_exactmetrics_sitenote_note":"","_exactmetrics_sitenote_category":0,"footnotes":""},"categories":[4],"tags":[],"_links":{"self":[{"href":"https:\/\/goiasemtempo.com.br\/home\/wp-json\/wp\/v2\/posts\/23445"}],"collection":[{"href":"https:\/\/goiasemtempo.com.br\/home\/wp-json\/wp\/v2\/posts"}],"about":[{"href":"https:\/\/goiasemtempo.com.br\/home\/wp-json\/wp\/v2\/types\/post"}],"author":[{"embeddable":true,"href":"https:\/\/goiasemtempo.com.br\/home\/wp-json\/wp\/v2\/users\/2"}],"replies":[{"embeddable":true,"href":"https:\/\/goiasemtempo.com.br\/home\/wp-json\/wp\/v2\/comments?post=23445"}],"version-history":[{"count":1,"href":"https:\/\/goiasemtempo.com.br\/home\/wp-json\/wp\/v2\/posts\/23445\/revisions"}],"predecessor-version":[{"id":23446,"href":"https:\/\/goiasemtempo.com.br\/home\/wp-json\/wp\/v2\/posts\/23445\/revisions\/23446"}],"wp:featuredmedia":[{"embeddable":true,"href":"https:\/\/goiasemtempo.com.br\/home\/wp-json\/wp\/v2\/media\/23151"}],"wp:attachment":[{"href":"https:\/\/goiasemtempo.com.br\/home\/wp-json\/wp\/v2\/media?parent=23445"}],"wp:term":[{"taxonomy":"category","embeddable":true,"href":"https:\/\/goiasemtempo.com.br\/home\/wp-json\/wp\/v2\/categories?post=23445"},{"taxonomy":"post_tag","embeddable":true,"href":"https:\/\/goiasemtempo.com.br\/home\/wp-json\/wp\/v2\/tags?post=23445"}],"curies":[{"name":"wp","href":"https:\/\/api.w.org\/{rel}","templated":true}]}}