{"id":22907,"date":"2018-02-19T18:09:12","date_gmt":"2018-02-19T18:09:12","guid":{"rendered":"https:\/\/goiasemtempo.com.br\/home\/?p=22907"},"modified":"2018-02-19T18:09:12","modified_gmt":"2018-02-19T18:09:12","slug":"dolar-sobe-em-relacao-a-euro-e-iene-6","status":"publish","type":"post","link":"https:\/\/goiasemtempo.com.br\/home\/dolar-sobe-em-relacao-a-euro-e-iene-6\/","title":{"rendered":"D\u00f3lar sobe em rela\u00e7\u00e3o a euro e iene"},"content":{"rendered":"<p>Nova York, 16 fev (EFE).- O d\u00f3lar se valorizou em rela\u00e7\u00e3o ao euro, ao iene e outras das principais divisas nesta sexta-feira, quebrando assim uma sequ\u00eancia de quatro quedas seguidas que os analistas atribuem a preocupa\u00e7\u00f5es dos investidores a respeito da infla\u00e7\u00e3o e do desequil\u00edbrio nas contas p\u00fablicas.<\/p>\n<p>Ao t\u00e9rmino do preg\u00e3o nos mercados financeiros de Nova York, o euro era cotado a US$ 1,2409, valor superior \u00e0 rodada de negocia\u00e7\u00f5es de ter\u00e7a-feira no mesmo hor\u00e1rio, que foi de US$ 1,2507.<\/p>\n<p>Em rela\u00e7\u00e3o \u00e0 moeda japonesa, o d\u00f3lar subiu de 106,12 para 106,28 ienes. A divisa americana tamb\u00e9m ganhou for\u00e7a frente ao franco-su\u00ed\u00e7o, \u00e0 libra esterlina e ao d\u00f3lar canadense.<\/p>\n<p>Com o resultado desta sexta-feira, o d\u00f3lar cortou o retrocesso no qual tinha entrado perante outras divisas, principalmente em rela\u00e7\u00e3o ao iene.<\/p>\n<p>Analistas n\u00e3o descartam que a confian\u00e7a no d\u00f3lar tenha sido afetada por n\u00fameros recentes que sugerem que o desequil\u00edbrio nas contas p\u00fablicas dispare neste ano at\u00e9 cerca US$ 750 bilh\u00f5es e em 2019 ronde US$ 1 trilh\u00e3o.<\/p>\n<p>Na segunda-feira passada, o Departamento do Tesouro dos EUA revelou que o governo federal registrou um super\u00e1vit de US$ 49 bilh\u00f5es em janeiro, levemente abaixo dos US$ 51 bilh\u00f5es de um ano atr\u00e1s.<\/p>\n<p>Por sua vez, o d\u00e9ficit acumulado neste ano fiscal de 2018, que vai de outubro a setembro, ficou em US$ 176 bilh\u00f5es, 11% a mais que os US$ 159 bilh\u00f5es do mesmo per\u00edodo em 2017. No ano passado, os EUA tiveram um d\u00e9ficit de US$ 666 bilh\u00f5es, acima dos US$ 587 bilh\u00f5es de 2016.<\/p>\n","protected":false},"excerpt":{"rendered":"<p>Nova York, 16 fev (EFE).- O d\u00f3lar se valorizou em rela\u00e7\u00e3o ao euro, ao iene e outras das principais divisas nesta sexta-feira, quebrando assim uma sequ\u00eancia de quatro quedas seguidas que os analistas atribuem a preocupa\u00e7\u00f5es dos investidores a respeito da infla\u00e7\u00e3o e do desequil\u00edbrio nas contas p\u00fablicas. Ao t\u00e9rmino do preg\u00e3o nos mercados financeiros &hellip;<\/p>\n","protected":false},"author":2,"featured_media":22723,"comment_status":"open","ping_status":"open","sticky":false,"template":"","format":"standard","meta":{"footnotes":""},"categories":[4],"tags":[],"class_list":["post-22907","post","type-post","status-publish","format-standard","has-post-thumbnail","hentry","category-ultimas-noticias"],"_links":{"self":[{"href":"https:\/\/goiasemtempo.com.br\/home\/wp-json\/wp\/v2\/posts\/22907","targetHints":{"allow":["GET"]}}],"collection":[{"href":"https:\/\/goiasemtempo.com.br\/home\/wp-json\/wp\/v2\/posts"}],"about":[{"href":"https:\/\/goiasemtempo.com.br\/home\/wp-json\/wp\/v2\/types\/post"}],"author":[{"embeddable":true,"href":"https:\/\/goiasemtempo.com.br\/home\/wp-json\/wp\/v2\/users\/2"}],"replies":[{"embeddable":true,"href":"https:\/\/goiasemtempo.com.br\/home\/wp-json\/wp\/v2\/comments?post=22907"}],"version-history":[{"count":1,"href":"https:\/\/goiasemtempo.com.br\/home\/wp-json\/wp\/v2\/posts\/22907\/revisions"}],"predecessor-version":[{"id":22908,"href":"https:\/\/goiasemtempo.com.br\/home\/wp-json\/wp\/v2\/posts\/22907\/revisions\/22908"}],"wp:featuredmedia":[{"embeddable":true,"href":"https:\/\/goiasemtempo.com.br\/home\/wp-json\/wp\/v2\/media\/22723"}],"wp:attachment":[{"href":"https:\/\/goiasemtempo.com.br\/home\/wp-json\/wp\/v2\/media?parent=22907"}],"wp:term":[{"taxonomy":"category","embeddable":true,"href":"https:\/\/goiasemtempo.com.br\/home\/wp-json\/wp\/v2\/categories?post=22907"},{"taxonomy":"post_tag","embeddable":true,"href":"https:\/\/goiasemtempo.com.br\/home\/wp-json\/wp\/v2\/tags?post=22907"}],"curies":[{"name":"wp","href":"https:\/\/api.w.org\/{rel}","templated":true}]}}