{"id":22879,"date":"2018-02-19T18:04:10","date_gmt":"2018-02-19T18:04:10","guid":{"rendered":"https:\/\/goiasemtempo.com.br\/home\/?p=22879"},"modified":"2018-02-19T18:04:10","modified_gmt":"2018-02-19T18:04:10","slug":"lagarde-fmi-esta-atento-aos-efeitos-da-reforma-fiscal-nos-eua","status":"publish","type":"post","link":"https:\/\/goiasemtempo.com.br\/home\/lagarde-fmi-esta-atento-aos-efeitos-da-reforma-fiscal-nos-eua\/","title":{"rendered":"Lagarde: FMI est\u00e1 atento aos efeitos da reforma fiscal nos EUA"},"content":{"rendered":"<p>A diretora-gerente do Fundo Monet\u00e1rio Internacional (FMI), Christine Lagarde, disse neste s\u00e1bado (17) estar atenta \u00e0s consequ\u00eancias da reforma fiscal aprovada em dezembro pelo Congresso dos Estados Unidos, em particular se provocar uma alta das taxas que possa afetar a economia mundial.<\/p>\n<p>Do nosso ponto de vista, temos que estar atentos ao que acontece, em particular nos Estados Unidos, respondeu Lagarde, em entrevista \u00e0 emissora de r\u00e1dio France Inter, ao ser questionada sobre as recentes quedas dos mercados, o que apresentou como uma corre\u00e7\u00e3o inevit\u00e1vel.<\/p>\n<p>Ela considerou que essa reforma fiscal vai operar como uma esp\u00e9cie de est\u00edmulo sobre a situa\u00e7\u00e3o econ\u00f4mica atual nos Estados Unidos, pa\u00eds que j\u00e1 registra um crescimento forte, em um momento em que os mercados temem um retorno da infla\u00e7\u00e3o possa causar uma alta das taxas.<\/p>\n<p>Podemos nos perguntar se n\u00e3o provocar\u00e1, efetivamente, um aumento de sal\u00e1rios, um aumento de pre\u00e7os &#8211; portanto, de infla\u00e7\u00e3o &#8211; e se, por consequ\u00eancia, n\u00e3o podemos ver uma rea\u00e7\u00e3o das autoridades monet\u00e1rias, especialmente na forma de um aumento um pouco mais r\u00e1pido, ou um pouco mais frequente, das taxas. Isso provocaria (&#8230;) efeitos no conjunto das economias mundiais, especialmente nas economias fortemente endividadas, advertiu.<\/p>\n<p>Lagarde n\u00e3o quis, por\u00e9m, comparar a situa\u00e7\u00e3o atual com a que precedeu a quebra do banco americano Lehman Brothers, h\u00e1 dez anos.<\/p>\n<p>N\u00e3o estamos, em absoluto, em uma situa\u00e7\u00e3o pr\u00e9-crise como no ver\u00e3o de 2008, garantiu.<\/p>\n<p>Em meados de dezembro, o Congresso americano aprovou uma reforma fiscal que prev\u00ea uma redu\u00e7\u00e3o de impostos para as empresas de 35% para 21% nos Estados Unidos.<\/p>\n","protected":false},"excerpt":{"rendered":"<p>A diretora-gerente do Fundo Monet\u00e1rio Internacional (FMI), Christine Lagarde, disse neste s\u00e1bado (17) estar atenta \u00e0s consequ\u00eancias da reforma fiscal aprovada em dezembro pelo Congresso dos Estados Unidos, em particular se provocar uma alta das taxas que possa afetar a economia mundial. Do nosso ponto de vista, temos que estar atentos ao que acontece, em &hellip;<\/p>\n","protected":false},"author":2,"featured_media":22736,"comment_status":"open","ping_status":"open","sticky":false,"template":"","format":"standard","meta":{"footnotes":""},"categories":[4],"tags":[],"class_list":["post-22879","post","type-post","status-publish","format-standard","has-post-thumbnail","hentry","category-ultimas-noticias"],"_links":{"self":[{"href":"https:\/\/goiasemtempo.com.br\/home\/wp-json\/wp\/v2\/posts\/22879","targetHints":{"allow":["GET"]}}],"collection":[{"href":"https:\/\/goiasemtempo.com.br\/home\/wp-json\/wp\/v2\/posts"}],"about":[{"href":"https:\/\/goiasemtempo.com.br\/home\/wp-json\/wp\/v2\/types\/post"}],"author":[{"embeddable":true,"href":"https:\/\/goiasemtempo.com.br\/home\/wp-json\/wp\/v2\/users\/2"}],"replies":[{"embeddable":true,"href":"https:\/\/goiasemtempo.com.br\/home\/wp-json\/wp\/v2\/comments?post=22879"}],"version-history":[{"count":1,"href":"https:\/\/goiasemtempo.com.br\/home\/wp-json\/wp\/v2\/posts\/22879\/revisions"}],"predecessor-version":[{"id":22880,"href":"https:\/\/goiasemtempo.com.br\/home\/wp-json\/wp\/v2\/posts\/22879\/revisions\/22880"}],"wp:featuredmedia":[{"embeddable":true,"href":"https:\/\/goiasemtempo.com.br\/home\/wp-json\/wp\/v2\/media\/22736"}],"wp:attachment":[{"href":"https:\/\/goiasemtempo.com.br\/home\/wp-json\/wp\/v2\/media?parent=22879"}],"wp:term":[{"taxonomy":"category","embeddable":true,"href":"https:\/\/goiasemtempo.com.br\/home\/wp-json\/wp\/v2\/categories?post=22879"},{"taxonomy":"post_tag","embeddable":true,"href":"https:\/\/goiasemtempo.com.br\/home\/wp-json\/wp\/v2\/tags?post=22879"}],"curies":[{"name":"wp","href":"https:\/\/api.w.org\/{rel}","templated":true}]}}