{"id":17689,"date":"2018-02-17T12:13:41","date_gmt":"2018-02-17T12:13:41","guid":{"rendered":"https:\/\/goiasemtempo.com.br\/home\/?p=17689"},"modified":"2018-02-17T12:13:41","modified_gmt":"2018-02-17T12:13:41","slug":"goias-na-frente-inaugurada-nova-sede-da-ueg-em-itaberai","status":"publish","type":"post","link":"https:\/\/goiasemtempo.com.br\/home\/goias-na-frente-inaugurada-nova-sede-da-ueg-em-itaberai\/","title":{"rendered":"Goi\u00e1s na Frente: inaugurada nova sede da UEG em Itabera\u00ed"},"content":{"rendered":"<p>Governo de Goi\u00e1s &#8211; UEG &#8211; Itabera\u00ed &#8211; Foto Mantovani Fernandes 01O governador Marconi Perillo entregou \u00e0 comunidade estudantil de Itabera\u00ed e cidades vizinhas a nova sede do c\u00e2mpus da Universidade Estadual de Goi\u00e1s (UEG), nesta sexta-feira, dia 26, solucionando as limita\u00e7\u00f5es de infraestrutura tecnol\u00f3gica da institui\u00e7\u00e3o no munic\u00edpio. Al\u00e9m de inaugurar o novo pr\u00e9dio, um dos mais modernos da institui\u00e7\u00e3o no Estado, Marconi autorizou a constru\u00e7\u00e3o do Instituto Tecnol\u00f3gico de Educa\u00e7\u00e3o (Itego) no munic\u00edpio e afirmou que o Governo do Estado vai assumir a obra de constru\u00e7\u00e3o do Anel Vi\u00e1rio de Itabera\u00ed.<\/p>\n<p>O novo pr\u00e9dio da UEG, com \u00e1rea constru\u00edda de 2,8 mil m\u00b2, num terreno de 12 mil m\u00b2, tem 18 salas climatizadas, cinco delas em formato de laborat\u00f3rio tecnol\u00f3gico com 180 computadores; laborat\u00f3rio pedag\u00f3gico; audit\u00f3rio com capacidade para 103 lugares, com projetor multim\u00eddia; uma biblioteca com acervo on line e cinco computadores para pesquisas. A obra recebeu R$ 6 milh\u00f5es em investimentos do Programa Goi\u00e1s na Frente.<\/p>\n<p>Marconi disse que inaugura\u00e7\u00e3o representa \u201cuma satisfa\u00e7\u00e3o pessoal\u201d com essa e outras obras \u201cao cumprirmos mais uma das metas do nosso plano de governo\u201d. O governador observou que \u201cdas 46 promessas de campanha, apenas uma n\u00e3o est\u00e1 sendo cumprida, que \u00e9 a de aumentar o rebanho bovino do nosso Estado\u201d, e explicou que \u201cisso acontece porque muita gente fez a op\u00e7\u00e3o pela agricultura\u201d. Marconi disse acreditar \u201cque n\u00e3o tenha outro governador \u201ct\u00e3o focado\u201d como ele \u201cem cumprir as promessas de campanha\u201d.<\/p>\n<p>O reitor da UEG, professor Haroldo Reimer, entende que entrar para um pr\u00e9dio novo \u201c\u00e9 como mudar de uma cada velha para uma casa novo\u201d, \u00e9 o momento de compartilhar \u201cuma alegada imensa, uma conquista para a universalidade que tem mais um campus novo, equipado com o que h\u00e1 de melhor\u201d. O mais importante, frisou o reitor, \u201c\u00e9 que 80% dos alunos da UEG vieram de escolas p\u00fablicas \u201c. Ele acredita que a obra representa a amplia\u00e7\u00e3o da atua\u00e7\u00e3o da universidade no desenvolvimento dos aspectos sociais e econ\u00f4micos de Itabera\u00ed e regi\u00e3o. \u201cN\u00f3s vamos percebendo como essa universidade p\u00fablica e gratuita vai se consolidando ao longo do tempo, com investimentos do Governo do Estado, e como ela vai se aproximando da sociedade e tem contribu\u00eddo para o desenvolvimento do nosso Estado\u201d, ressaltou Haroldo.<\/p>\n<p>O prefeito de Itabera\u00ed, Roberto Silva agradeceu primeiramente a Deus \u201cpelo desenvolvimento do Estado de Goi\u00e1s e de Itabera\u00ed\u201d, em particular, e depois ao governador Marconi Perillo, \u201cque tem feito as parcerias necess\u00e1rias para que Goi\u00e1s cres\u00e7a acima da m\u00e9dia nacional\u201d.<\/p>\n<p>A UEG avan\u00e7a em novos cursos: Medicina Veterin\u00e1ria em S\u00e3o Lu\u00eds de Montes Belos; Agronomia em Posse, Sistemas de Informa\u00e7\u00e3o em Trindade; Educa\u00e7\u00e3o F\u00edsica em Goi\u00e2nia, Itumbiara e Porangatu \u201cComemoramos agora a cria\u00e7\u00e3o dos cursos de Medicina e Direito como a coroa\u00e7\u00e3o da UEG. Vamos iniciar o curso se Medicina em Itumbiara, e o de Direito em Aparecida de Goiania, Morrinhos, Palmeiras de Goi\u00e1s, Pires do Rio e Urua\u00e7u\u201d, disse Marconi.<\/p>\n<p>A constru\u00e7\u00e3o do novo pr\u00e9dio teve in\u00edcio em 2012, na Avenida Eixo Norte Sul, lote 14, quadra 36 A, no Bairro Alto da Bela Vista. A \u00e1rea foi doada \u00e0 UEG pelo casal Jos\u00e9 Cardoso Vieira e Aparecida Paula Vieira, moradores de Itabera\u00ed. Antes, a UEG funcionava em \u00e1rea cedida em regime de comodato pela prefeitura de Itabera\u00ed.<\/p>\n","protected":false},"excerpt":{"rendered":"<p>Governo de Goi\u00e1s &#8211; UEG &#8211; Itabera\u00ed &#8211; Foto Mantovani Fernandes 01O governador Marconi Perillo entregou \u00e0 comunidade estudantil de Itabera\u00ed e cidades vizinhas a nova sede do c\u00e2mpus da Universidade Estadual de Goi\u00e1s (UEG), nesta sexta-feira, dia 26, solucionando as limita\u00e7\u00f5es de infraestrutura tecnol\u00f3gica da institui\u00e7\u00e3o no munic\u00edpio. Al\u00e9m de inaugurar o novo pr\u00e9dio, &hellip;<\/p>\n","protected":false},"author":2,"featured_media":0,"comment_status":"open","ping_status":"open","sticky":false,"template":"","format":"standard","meta":{"_exactmetrics_skip_tracking":false,"_exactmetrics_sitenote_active":false,"_exactmetrics_sitenote_note":"","_exactmetrics_sitenote_category":0,"footnotes":""},"categories":[4],"tags":[],"_links":{"self":[{"href":"https:\/\/goiasemtempo.com.br\/home\/wp-json\/wp\/v2\/posts\/17689"}],"collection":[{"href":"https:\/\/goiasemtempo.com.br\/home\/wp-json\/wp\/v2\/posts"}],"about":[{"href":"https:\/\/goiasemtempo.com.br\/home\/wp-json\/wp\/v2\/types\/post"}],"author":[{"embeddable":true,"href":"https:\/\/goiasemtempo.com.br\/home\/wp-json\/wp\/v2\/users\/2"}],"replies":[{"embeddable":true,"href":"https:\/\/goiasemtempo.com.br\/home\/wp-json\/wp\/v2\/comments?post=17689"}],"version-history":[{"count":1,"href":"https:\/\/goiasemtempo.com.br\/home\/wp-json\/wp\/v2\/posts\/17689\/revisions"}],"predecessor-version":[{"id":17690,"href":"https:\/\/goiasemtempo.com.br\/home\/wp-json\/wp\/v2\/posts\/17689\/revisions\/17690"}],"wp:attachment":[{"href":"https:\/\/goiasemtempo.com.br\/home\/wp-json\/wp\/v2\/media?parent=17689"}],"wp:term":[{"taxonomy":"category","embeddable":true,"href":"https:\/\/goiasemtempo.com.br\/home\/wp-json\/wp\/v2\/categories?post=17689"},{"taxonomy":"post_tag","embeddable":true,"href":"https:\/\/goiasemtempo.com.br\/home\/wp-json\/wp\/v2\/tags?post=17689"}],"curies":[{"name":"wp","href":"https:\/\/api.w.org\/{rel}","templated":true}]}}