{"id":17675,"date":"2018-02-17T12:12:07","date_gmt":"2018-02-17T12:12:07","guid":{"rendered":"https:\/\/goiasemtempo.com.br\/home\/?p=17675"},"modified":"2018-02-17T12:12:07","modified_gmt":"2018-02-17T12:12:07","slug":"ministro-do-stj-nega-habeas-corpus-preventivo-em-favor-de-lula","status":"publish","type":"post","link":"https:\/\/goiasemtempo.com.br\/home\/ministro-do-stj-nega-habeas-corpus-preventivo-em-favor-de-lula\/","title":{"rendered":"Ministro do STJ nega habeas corpus preventivo em favor de Lula"},"content":{"rendered":"<p>O ministro do Superior Tribunal de Justi\u00e7a (STJ) Humberto Martins negou hoje (26) pedido de habeas corpus preventivo em favor do ex-presidente Luiz In\u00e1cio Lula da Silva. O pedido foi protocolado ontem no STJ por advogado chamado John Lennon Silvestre de Melo, que n\u00e3o atua como representante de Lula.<\/p>\n<p>O advogado alegou que a execu\u00e7\u00e3o da pena imposta contra o ex-presidente, conforme decis\u00e3o tomada nesta semana pelo Tribunal Regional Federal da 4\u00aa Regi\u00e3o, n\u00e3o pode ocorrer porque ainda cabem recursos nos tribunais superiores, entre eles, o Supremo Tribunal Federal (STF), que deve discutir novamente, neste ano, a quest\u00e3o da pris\u00e3o para cumprimento de condena\u00e7\u00e3o ap\u00f3s o julgamento de todos os recursos em segunda inst\u00e2ncia.<\/p>\n<p>Ao analisar o caso, o ministro entendeu que n\u00e3o h\u00e1 urg\u00eancia para justificar o deferimento de liminar em favor de Lula porque o TRF assegurou que a execu\u00e7\u00e3o pena n\u00e3o ser\u00e1 imediata e deve aguardar mais um recurso, os embargos de declara\u00e7\u00e3o. No entanto, Martins decidiu ouvir a defesa do ex-presidente sobre a quest\u00e3o.<\/p>\n<p>\u201cConsiderando que a an\u00e1lise da quest\u00e3o pode se confundir com o m\u00e9rito de futura tese defensiva do paciente, recomenda-se que se ou\u00e7a o ex-presidente Luiz In\u00e1cio Lula da Silva sobre a conveni\u00eancia do pedido\u201d, decidiu o ministro.<\/p>\n<p>Na quarta-feira (24), o TRF 4 confirmou a condena\u00e7\u00e3o de Lula na a\u00e7\u00e3o penal envolvendo o tr\u00edplex no Guaruj\u00e1 (SP) e aumentou a pena do ex-presidente para 12 anos e um m\u00eas de pris\u00e3o. Na decis\u00e3o, seguindo entendimento do STF, os desembargadores entenderam que a execu\u00e7\u00e3o da pena do ex-presidente deve iniciar ap\u00f3s o esgotamento dos recursos pela segunda inst\u00e2ncia da Justi\u00e7a Federal.<\/p>\n<p>Edi\u00e7\u00e3o: Davi Oliveira<\/p>\n","protected":false},"excerpt":{"rendered":"<p>O ministro do Superior Tribunal de Justi\u00e7a (STJ) Humberto Martins negou hoje (26) pedido de habeas corpus preventivo em favor do ex-presidente Luiz In\u00e1cio Lula da Silva. O pedido foi protocolado ontem no STJ por advogado chamado John Lennon Silvestre de Melo, que n\u00e3o atua como representante de Lula. O advogado alegou que a execu\u00e7\u00e3o &hellip;<\/p>\n","protected":false},"author":2,"featured_media":0,"comment_status":"open","ping_status":"open","sticky":false,"template":"","format":"standard","meta":{"footnotes":""},"categories":[4],"tags":[],"class_list":["post-17675","post","type-post","status-publish","format-standard","hentry","category-ultimas-noticias"],"_links":{"self":[{"href":"https:\/\/goiasemtempo.com.br\/home\/wp-json\/wp\/v2\/posts\/17675","targetHints":{"allow":["GET"]}}],"collection":[{"href":"https:\/\/goiasemtempo.com.br\/home\/wp-json\/wp\/v2\/posts"}],"about":[{"href":"https:\/\/goiasemtempo.com.br\/home\/wp-json\/wp\/v2\/types\/post"}],"author":[{"embeddable":true,"href":"https:\/\/goiasemtempo.com.br\/home\/wp-json\/wp\/v2\/users\/2"}],"replies":[{"embeddable":true,"href":"https:\/\/goiasemtempo.com.br\/home\/wp-json\/wp\/v2\/comments?post=17675"}],"version-history":[{"count":1,"href":"https:\/\/goiasemtempo.com.br\/home\/wp-json\/wp\/v2\/posts\/17675\/revisions"}],"predecessor-version":[{"id":17676,"href":"https:\/\/goiasemtempo.com.br\/home\/wp-json\/wp\/v2\/posts\/17675\/revisions\/17676"}],"wp:attachment":[{"href":"https:\/\/goiasemtempo.com.br\/home\/wp-json\/wp\/v2\/media?parent=17675"}],"wp:term":[{"taxonomy":"category","embeddable":true,"href":"https:\/\/goiasemtempo.com.br\/home\/wp-json\/wp\/v2\/categories?post=17675"},{"taxonomy":"post_tag","embeddable":true,"href":"https:\/\/goiasemtempo.com.br\/home\/wp-json\/wp\/v2\/tags?post=17675"}],"curies":[{"name":"wp","href":"https:\/\/api.w.org\/{rel}","templated":true}]}}