{"id":17603,"date":"2018-02-17T12:04:12","date_gmt":"2018-02-17T12:04:12","guid":{"rendered":"https:\/\/goiasemtempo.com.br\/home\/?p=17603"},"modified":"2018-02-17T12:04:12","modified_gmt":"2018-02-17T12:04:12","slug":"justica-do-rio-rejeita-plano-de-recuperacao-judicial-da-rede-de-lojas-leader","status":"publish","type":"post","link":"https:\/\/goiasemtempo.com.br\/home\/justica-do-rio-rejeita-plano-de-recuperacao-judicial-da-rede-de-lojas-leader\/","title":{"rendered":"Justi\u00e7a do Rio rejeita plano de recupera\u00e7\u00e3o judicial da rede de lojas Leader"},"content":{"rendered":"<p>A 3\u00aa Vara Empresarial do Tribunal de Justi\u00e7a do Rio de Janeiro rejeitou o plano de recupera\u00e7\u00e3o judicial que foi apresentado pelas Lojas Leader. A informa\u00e7\u00e3o foi divulgada hoje (26) pela assessoria de imprensa do Tribunal de Justi\u00e7a do Estado do Rio de Janeiro.<\/p>\n<p>A decis\u00e3o do juiz Luiz Alberto Carvalho Alves revogou a tutela antecipada que suspendia as a\u00e7\u00f5es e execu\u00e7\u00f5es de credores que eram contra o plano e manifestaram o direito de exigir seus cr\u00e9ditos. Fundada como um bazar na cidade fluminense de Miracema, a rede cresceu at\u00e9 contar com 127 lojas em 10 estados brasileiros, contando com mais de 5.500 funcion\u00e1rios, de acordo com o site do grupo. <\/p>\n<p>O juiz justificou a decis\u00e3o apontando aus\u00eancia de uma base segura de que o plano foi assinado pelos credores de tr\u00eas quintos das d\u00edvidas do grupo. A Leader afirma ter preenchido um percentual de 80% dos cr\u00e9ditos.<\/p>\n<p>O magistrado questiona a que valor esse percentual se refere, j\u00e1 que foram apresentados cr\u00e9ditos de R$ 222.431.870,72  na peti\u00e7\u00e3o inicial; de 352.876.000,00 no balan\u00e7o patrimonial sobre credores; e de R$ 219.295.727,07 em outra peti\u00e7\u00e3o.<\/p>\n<p>Ao pedir a aprova\u00e7\u00e3o do plano, a Leader relata uma queda de 13,4% em seus neg\u00f3cios em 2015, um reflexo da crise econ\u00f4mica que afetou as vendas do varejo. A empresa afirma que, mesmo ap\u00f3s uma ampla reestrutura\u00e7\u00e3o de seus neg\u00f3cios, seu caixa permanece deficit\u00e1rio e impossibilita honrar seus compromissos.<\/p>\n<p>Edi\u00e7\u00e3o: Davi Oliveira<\/p>\n","protected":false},"excerpt":{"rendered":"<p>A 3\u00aa Vara Empresarial do Tribunal de Justi\u00e7a do Rio de Janeiro rejeitou o plano de recupera\u00e7\u00e3o judicial que foi apresentado pelas Lojas Leader. A informa\u00e7\u00e3o foi divulgada hoje (26) pela assessoria de imprensa do Tribunal de Justi\u00e7a do Estado do Rio de Janeiro. A decis\u00e3o do juiz Luiz Alberto Carvalho Alves revogou a tutela &hellip;<\/p>\n","protected":false},"author":2,"featured_media":0,"comment_status":"open","ping_status":"open","sticky":false,"template":"","format":"standard","meta":{"footnotes":""},"categories":[4],"tags":[],"class_list":["post-17603","post","type-post","status-publish","format-standard","hentry","category-ultimas-noticias"],"_links":{"self":[{"href":"https:\/\/goiasemtempo.com.br\/home\/wp-json\/wp\/v2\/posts\/17603","targetHints":{"allow":["GET"]}}],"collection":[{"href":"https:\/\/goiasemtempo.com.br\/home\/wp-json\/wp\/v2\/posts"}],"about":[{"href":"https:\/\/goiasemtempo.com.br\/home\/wp-json\/wp\/v2\/types\/post"}],"author":[{"embeddable":true,"href":"https:\/\/goiasemtempo.com.br\/home\/wp-json\/wp\/v2\/users\/2"}],"replies":[{"embeddable":true,"href":"https:\/\/goiasemtempo.com.br\/home\/wp-json\/wp\/v2\/comments?post=17603"}],"version-history":[{"count":1,"href":"https:\/\/goiasemtempo.com.br\/home\/wp-json\/wp\/v2\/posts\/17603\/revisions"}],"predecessor-version":[{"id":17604,"href":"https:\/\/goiasemtempo.com.br\/home\/wp-json\/wp\/v2\/posts\/17603\/revisions\/17604"}],"wp:attachment":[{"href":"https:\/\/goiasemtempo.com.br\/home\/wp-json\/wp\/v2\/media?parent=17603"}],"wp:term":[{"taxonomy":"category","embeddable":true,"href":"https:\/\/goiasemtempo.com.br\/home\/wp-json\/wp\/v2\/categories?post=17603"},{"taxonomy":"post_tag","embeddable":true,"href":"https:\/\/goiasemtempo.com.br\/home\/wp-json\/wp\/v2\/tags?post=17603"}],"curies":[{"name":"wp","href":"https:\/\/api.w.org\/{rel}","templated":true}]}}